{"id":11,"date":"2007-01-20T11:14:06","date_gmt":"2007-01-20T18:14:06","guid":{"rendered":"http:\/\/www.aragonsuena.com\/php\/2007\/01\/20\/repercusion-en-los-medios-de-la-fiesta-aragon-suena\/"},"modified":"2007-07-04T11:25:28","modified_gmt":"2007-07-04T18:25:28","slug":"repercusion-en-los-medios-de-la-fiesta-aragon-suena","status":"publish","type":"post","link":"https:\/\/www.aragonsuena.com\/php\/2007\/01\/20\/repercusion-en-los-medios-de-la-fiesta-aragon-suena\/","title":{"rendered":"Repercusi\u00f3n en los medios, de la fiesta Arag\u00f3n Suena"},"content":{"rendered":"<p><font face=\"Verdana\" size=\"2\">Con un gran \u00e9xito de convocatoria y la              sala casi llena, se celebr\u00f3 el pasado s\u00e1bado la primera fiesta              organizada por el programa \u201c<strong>Arag\u00f3n Suena<\/strong>\u201d de la Radio Auton\u00f3mica Aragonesa, un espacio dedicado en exclusiva a la m\u00fasica hecha por              artistas de nuestra Comunidad y que se emite todos los domingos              entre las 23.00 y las 0.00. <strong>Sergio Falces <\/strong>y <strong>David Chap\u00edn<\/strong>,              conductores del programa, ejercieron de maestros de ceremonias de              una noche para recordar y hasta reivindicar lo que muchas veces se              nos olvida.<\/font><\/p>\n<p><img loading=\"lazy\" decoding=\"async\" src=\"http:\/\/www.aragonsuena.com\/Fiesta-26.jpg\" title=\"Fiesta Arag\u00f3n Suena\" alt=\"Fiesta Arag\u00f3n Suena\" height=\"209\" width=\"300\" \/><\/p>\n<p><strong>La cr\u00f3nica:<\/strong><\/p>\n<p><strong>LOS ZARAGOZANOS FALCONE, SILENT Y BIG SUR AMENIZARON EL S\u00c1BADO LA FIESTA DEL PROGRAMA ARAG\u00d3N SUENA en La Casa del Loco. 20\/01\/07<\/strong><\/p>\n<p><strong>Pop-rock aragon\u00e9s con denominaci\u00f3n de origen<\/strong><\/p>\n<p>Con un gran \u00e9xito de convocatoria y la sala casi llena, se celebr\u00f3 el pasado s\u00e1bado la primera fiesta organizada por el programa \u201cArag\u00f3n Suena\u201d de la radio auton\u00f3mica aragonesa, un espacio dedicado en exclusiva a la m\u00fasica hecha por artistas de nuestra Comunidad y que se emite todos los domingos entre las 23.00 y las 0.00. Sergio Falces y David Chap\u00edn, conductores del programa, ejercieron de maestros de ceremonias de una noche para recordar y hasta reivindicar lo que muchas veces se nos olvida.<\/p>\n<p>Y es que, adem\u00e1s de organizarse conciertos y dar protagonismo a grupos de otros lugares, hay que dejar un espacio para los muchos y, en bastantes ocasiones, buenos artistas que tenemos por aqu\u00ed.<\/p>\n<p>Los grupos invitados fueron Big Sur, Silent y Falcone, tres nombres quese dejannotar cadavezm\u00e1sen la escena zaragozana y que comparten lazos y ciertas similitudes. Especialmente en las formas, pues todos son quintetos y utilizan b\u00e1sicamente los mismos instrumentos, mucho m\u00e1s que en el estilo de m\u00fasica.Y paradejar constanciade la hermandad entre ellos y de lo distendido de la fiesta, algunos de los mejoresmomentos fueron para los \u201ccameos\u201d y los cruces que entre los tresgruposse hicieron. Jorge Maestre, de Big Sur, particip\u00f3 con Falcone, y miembros de este quinteto y de Silent aparecieron en parte del directode BigSur,mezcl\u00e1ndose y confundi\u00e9ndose.<\/p>\n<p>Los primeros en subir al escenario fueron Falcone, el grupo menos veterano de los tres, pero que, en cambio, sabe jugar bien a dos barajas, una m\u00e1s mel\u00f3dica y tranquila, gracias a los teclados y la presencia y la dulce voz de su cantante Raquel en canciones como \u201cAmo del mundo\u201d, y otra menos convencional y m\u00e1s instrumental con un punto de psicodelia. Imaginaci\u00f3n y encanto no les faltan, aunque todav\u00eda necesitan rodar sus composiciones y encontrar el punto medio de convivencia entre ambos estilos.<\/p>\n<p>Tras ellos, Big Sur, segundos clasificados en la pasada edici\u00f3n del concurso Mu\u00e9vete en Directo, volv\u00edan a ofrecer una muestra m\u00e1s de ese sonido c\u00e1lido y abierto que destilan del pop de los a\u00f1os 60 y la primera psicodelia. El ejemplo es su disco, \u201cTalking WithThe Birds\u201d, centro de la mayor parte de su directo con temas como \u201cSeason Love\u201d o \u201cThis Dammed Town\u201d. Como m\u00fasicos son uno de los grupos m\u00e1s interesantes de la ciudad, un quinteto muy conjuntado que juega a doblar las voces e introducir sonoridades ajenas al pop en un discursomuy agradable de escuchar. Su extenso curr\u00edculum de actuaciones o su nominaci\u00f3n a los Premios de la M\u00fasica Aragonesa del pasado a\u00f1o dan fe de ello.<\/p>\n<p>Cerrando la noche, Silent presentaban algunas de sus nuevas canciones, mirando, como llevan haciendo desde sus comienzos hace casi diez a\u00f1os, hacia el pop y el rock brit\u00e1nico comom\u00e1xima influencia. Din\u00e1micos y vitales, cantando en ingl\u00e9s, su sonido sigue en ese estilo sin dejar de mirar a los nuevos tiempos, moderniz\u00e1ndose hacia bandas como Kaiser Chiefs o Dogs Die in Hot Cars y adoptando un aire mel\u00f3dico y emocional muy interesante.<\/p>\n<p>Este a\u00f1o han sido seleccionados para las semifinales del concurso Mu\u00e9vete en Directo, y tocar\u00e1n el pr\u00f3ximo jueves 8 de febrero en el Centro C\u00edvico Universidad.<\/p>\n<p>Contentos y satisfechos deben de estar los responsables del programa \u201cArag\u00f3n Suena\u201d del resultado de esta presentaci\u00f3n en sociedad. Despu\u00e9s de a\u00f1os difundiendo y dando toda la cancha que est\u00e1 en sumano al grueso de la m\u00fasica aragonesa, sin importar el estilo o la mayor o menor calidad de los grupos, primero desde Radio Ebro y su web y ahora desde la radio auton\u00f3mica, es justo reconocer su trabajo. Que duren.<\/p>\n<p>Texto: Heraldo &#8211; JULIO A. CUENCA<br \/>\nFotos: Arag\u00f3n Musical &#8211; \u00c1NGEL BURBANO<\/p>\n<p><a href=\"http:\/\/www.aragonmusical.com\/fotos\/displayimage.php?album=12&amp;pos=72\" target=\"_blank\">Ver m\u00e1s fotos<\/a><\/p>\n","protected":false},"excerpt":{"rendered":"<p>Con un gran \u00e9xito de convocatoria y la sala casi llena, se celebr\u00f3 el pasado s\u00e1bado la primera fiesta organizada por el programa \u201cArag\u00f3n Suena\u201d de la Radio Auton\u00f3mica Aragonesa, un espacio dedicado en exclusiva a la m\u00fasica hecha por artistas de nuestra Comunidad y que se emite todos los domingos entre las 23.00 y [&hellip;]<\/p>\n","protected":false},"author":1,"featured_media":458,"comment_status":"open","ping_status":"open","sticky":false,"template":"","format":"standard","meta":{"_jetpack_newsletter_access":"","_jetpack_dont_email_post_to_subs":false,"_jetpack_newsletter_tier_id":0,"_jetpack_memberships_contains_paywalled_content":false,"iawp_total_views":0,"_jetpack_memberships_contains_paid_content":false,"footnotes":"","jetpack_publicize_message":"","jetpack_publicize_feature_enabled":true,"jetpack_social_post_already_shared":false,"jetpack_social_options":{"image_generator_settings":{"template":"highway","default_image_id":0,"font":"","enabled":false},"version":2},"jetpack_post_was_ever_published":false},"categories":[3],"tags":[],"class_list":["post-11","post","type-post","status-publish","format-standard","has-post-thumbnail","hentry","category-especiales"],"jetpack_publicize_connections":[],"jetpack_featured_media_url":"https:\/\/www.aragonsuena.com\/php\/wp-content\/uploads\/2009\/12\/LogoAragonSuena2009GrandeOctubre2009Peineta500.jpg","jetpack_shortlink":"https:\/\/wp.me\/pgBkdw-b","jetpack_sharing_enabled":true,"_links":{"self":[{"href":"https:\/\/www.aragonsuena.com\/php\/wp-json\/wp\/v2\/posts\/11","targetHints":{"allow":["GET"]}}],"collection":[{"href":"https:\/\/www.aragonsuena.com\/php\/wp-json\/wp\/v2\/posts"}],"about":[{"href":"https:\/\/www.aragonsuena.com\/php\/wp-json\/wp\/v2\/types\/post"}],"author":[{"embeddable":true,"href":"https:\/\/www.aragonsuena.com\/php\/wp-json\/wp\/v2\/users\/1"}],"replies":[{"embeddable":true,"href":"https:\/\/www.aragonsuena.com\/php\/wp-json\/wp\/v2\/comments?post=11"}],"version-history":[{"count":0,"href":"https:\/\/www.aragonsuena.com\/php\/wp-json\/wp\/v2\/posts\/11\/revisions"}],"wp:featuredmedia":[{"embeddable":true,"href":"https:\/\/www.aragonsuena.com\/php\/wp-json\/wp\/v2\/media\/458"}],"wp:attachment":[{"href":"https:\/\/www.aragonsuena.com\/php\/wp-json\/wp\/v2\/media?parent=11"}],"wp:term":[{"taxonomy":"category","embeddable":true,"href":"https:\/\/www.aragonsuena.com\/php\/wp-json\/wp\/v2\/categories?post=11"},{"taxonomy":"post_tag","embeddable":true,"href":"https:\/\/www.aragonsuena.com\/php\/wp-json\/wp\/v2\/tags?post=11"}],"curies":[{"name":"wp","href":"https:\/\/api.w.org\/{rel}","templated":true}]}}