{"id":115,"date":"2009-02-01T23:32:24","date_gmt":"2009-02-02T06:32:24","guid":{"rendered":"http:\/\/www.aragonsuena.com\/php\/?p=115"},"modified":"2009-02-02T12:42:21","modified_gmt":"2009-02-02T19:42:21","slug":"x-premios-de-la-musica-aragonesa","status":"publish","type":"post","link":"https:\/\/www.aragonsuena.com\/php\/2009\/02\/01\/x-premios-de-la-musica-aragonesa\/","title":{"rendered":"X Premios de la M\u00fasica Aragonesa"},"content":{"rendered":"<p><img loading=\"lazy\" decoding=\"async\" class=\"size-full wp-image-119 alignnone\" title=\"Foto de familia de los ganadores\" src=\"http:\/\/www.aragonsuena.com\/php\/wp-content\/uploads\/2009\/02\/a.jpg\" alt=\"Foto de familia de los ganadores\" width=\"450\" height=\"283\" srcset=\"https:\/\/www.aragonsuena.com\/php\/wp-content\/uploads\/2009\/02\/a.jpg 450w, https:\/\/www.aragonsuena.com\/php\/wp-content\/uploads\/2009\/02\/a-300x188.jpg 300w\" sizes=\"auto, (max-width: 450px) 100vw, 450px\" \/><\/p>\n<p>Con motivo de la reciente gala de entrega de los <strong>X Premios de la M\u00fasica Aragonesa<\/strong>, el pasado martes 27 de enero, en el tetro Principal de Zaragoza, el programa <strong>Arag\u00f3n Suena<\/strong> realizar\u00e1 un resumen especial con los mejores momentos.<\/p>\n<p><a href=\"http:\/\/www.aragonmusical.com\/noticias\/leer-noticia\/0\/2147\/\" target=\"_blank\">Ver noticia<\/a><\/p>\n<p><code>[audio:http:\/\/www.aragonsuena.com\/audio\/ProgramaAragonSuena01febrero2009_.mp3]<\/code><a href=\"http:\/\/www.aragonsuena.com\/audio\/ProgramaAragonSuena25mayo2008.mp3\" target=\"_blank\"><code> <\/code><\/a><\/p>\n<p><a href=\"http:\/\/www.aragonsuena.com\/audio\/ProgramaAragonSuena01febrero2009_.mp3\" target=\"_blank\">Descargar programa<\/a><\/p>\n","protected":false},"excerpt":{"rendered":"<p>Con motivo de la reciente gala de entrega de los X Premios de la M\u00fasica Aragonesa, el pasado martes 27 de enero, en el tetro Principal de Zaragoza, el programa Arag\u00f3n Suena realizar\u00e1 un resumen especial con los mejores momentos. Ver noticia [audio:http:\/\/www.aragonsuena.com\/audio\/ProgramaAragonSuena01febrero2009_.mp3] Descargar programa<\/p>\n","protected":false},"author":1,"featured_media":119,"comment_status":"open","ping_status":"open","sticky":false,"template":"","format":"standard","meta":{"_jetpack_newsletter_access":"","_jetpack_dont_email_post_to_subs":false,"_jetpack_newsletter_tier_id":0,"_jetpack_memberships_contains_paywalled_content":false,"iawp_total_views":0,"_jetpack_memberships_contains_paid_content":false,"footnotes":"","jetpack_publicize_message":"","jetpack_publicize_feature_enabled":true,"jetpack_social_post_already_shared":false,"jetpack_social_options":{"image_generator_settings":{"template":"highway","default_image_id":0,"font":"","enabled":false},"version":2},"jetpack_post_was_ever_published":false},"categories":[3],"tags":[15,80,5,72,81,83,82,79,78],"class_list":["post-115","post","type-post","status-publish","format-standard","has-post-thumbnail","hentry","category-especiales","tag-amaral","tag-bunbury","tag-carmen-paris","tag-juako-malavirgen","tag-matias-uribe","tag-nona-rubio","tag-santi-rex","tag-thachenko","tag-x-premios-de-la-musica-aragonesa"],"jetpack_publicize_connections":[],"jetpack_featured_media_url":"https:\/\/www.aragonsuena.com\/php\/wp-content\/uploads\/2009\/02\/a.jpg","jetpack_shortlink":"https:\/\/wp.me\/pgBkdw-1R","jetpack_sharing_enabled":true,"_links":{"self":[{"href":"https:\/\/www.aragonsuena.com\/php\/wp-json\/wp\/v2\/posts\/115","targetHints":{"allow":["GET"]}}],"collection":[{"href":"https:\/\/www.aragonsuena.com\/php\/wp-json\/wp\/v2\/posts"}],"about":[{"href":"https:\/\/www.aragonsuena.com\/php\/wp-json\/wp\/v2\/types\/post"}],"author":[{"embeddable":true,"href":"https:\/\/www.aragonsuena.com\/php\/wp-json\/wp\/v2\/users\/1"}],"replies":[{"embeddable":true,"href":"https:\/\/www.aragonsuena.com\/php\/wp-json\/wp\/v2\/comments?post=115"}],"version-history":[{"count":5,"href":"https:\/\/www.aragonsuena.com\/php\/wp-json\/wp\/v2\/posts\/115\/revisions"}],"predecessor-version":[{"id":118,"href":"https:\/\/www.aragonsuena.com\/php\/wp-json\/wp\/v2\/posts\/115\/revisions\/118"}],"wp:featuredmedia":[{"embeddable":true,"href":"https:\/\/www.aragonsuena.com\/php\/wp-json\/wp\/v2\/media\/119"}],"wp:attachment":[{"href":"https:\/\/www.aragonsuena.com\/php\/wp-json\/wp\/v2\/media?parent=115"}],"wp:term":[{"taxonomy":"category","embeddable":true,"href":"https:\/\/www.aragonsuena.com\/php\/wp-json\/wp\/v2\/categories?post=115"},{"taxonomy":"post_tag","embeddable":true,"href":"https:\/\/www.aragonsuena.com\/php\/wp-json\/wp\/v2\/tags?post=115"}],"curies":[{"name":"wp","href":"https:\/\/api.w.org\/{rel}","templated":true}]}}