{"id":17,"date":"2007-05-13T23:59:05","date_gmt":"2007-05-14T06:59:05","guid":{"rendered":"http:\/\/www.aragonsuena.com\/php\/2007\/05\/13\/entevistamos-a-maria-confussion\/"},"modified":"2007-07-04T11:57:28","modified_gmt":"2007-07-04T18:57:28","slug":"entevistamos-a-maria-confussion","status":"publish","type":"post","link":"https:\/\/www.aragonsuena.com\/php\/2007\/05\/13\/entevistamos-a-maria-confussion\/","title":{"rendered":"Entrevistamos a Maria Confussion"},"content":{"rendered":"<p>Hablamos con <strong>Mar\u00eda Confussion<\/strong>, uno de los proyectos m\u00e1s interesantes  del panorama musical aragon\u00e9s. Con el hilo conductor del Jazz mezclan  ritmos cercanos al Funky, el pop e incluso la salsa. Entrevistaremos a una de  sus l\u00edderes, la profesora de canto de la Escuela de Arte Dram\u00e1tico, <strong>Mar\u00eda  P\u00e9rez Collados<\/strong>.<\/p>\n<p>Tambi\u00e9n se puede oir un reportaje sobre <em>AragonArte<\/em>,  una plataforma de apoyo al arte local promovida por el <strong>Gobierno de  Arag\u00f3n<\/strong>.<\/p>\n<p>El tema de portada corresponde a lo nuevo del grupo <strong>Project  Implosion<\/strong>. Un CD bajo la producci\u00f3n de dos pesos pesado de la m\u00fasica  aragonesa: <strong>Javier Estrada<\/strong> y <strong>Chema Peralta<\/strong>.<\/p>\n<p>El tema musical de  contraportada, con lo que termina el<strong> Arag\u00f3n Suena<\/strong> N\u00ba36, lo elige <strong>Rafa  Dom\u00ednguez<\/strong>, guitarrista de <strong>Enrique Bunbury<\/strong>, y que ahora acaba de retomar su  proyecto musical <strong>Guisante<\/strong>.<\/p>\n<p><a href=\"http:\/\/www.aragonsuena.com\/audio\/ProgramaAragonSuena13Mayo2007.mp3\" target=\"_blank\">Escuchar el programa<\/a><\/p>\n","protected":false},"excerpt":{"rendered":"<p>Hablamos con Mar\u00eda Confussion, uno de los proyectos m\u00e1s interesantes del panorama musical aragon\u00e9s. Con el hilo conductor del Jazz mezclan ritmos cercanos al Funky, el pop e incluso la salsa. Entrevistaremos a una de sus l\u00edderes, la profesora de canto de la Escuela de Arte Dram\u00e1tico, Mar\u00eda P\u00e9rez Collados. Tambi\u00e9n se puede oir un [&hellip;]<\/p>\n","protected":false},"author":1,"featured_media":458,"comment_status":"open","ping_status":"open","sticky":false,"template":"","format":"standard","meta":{"_jetpack_newsletter_access":"","_jetpack_dont_email_post_to_subs":false,"_jetpack_newsletter_tier_id":0,"_jetpack_memberships_contains_paywalled_content":false,"iawp_total_views":0,"_jetpack_memberships_contains_paid_content":false,"footnotes":"","jetpack_publicize_message":"","jetpack_publicize_feature_enabled":true,"jetpack_social_post_already_shared":false,"jetpack_social_options":{"image_generator_settings":{"template":"highway","default_image_id":0,"font":"","enabled":false},"version":2},"jetpack_post_was_ever_published":false},"categories":[1],"tags":[],"class_list":["post-17","post","type-post","status-publish","format-standard","has-post-thumbnail","hentry","category-programas"],"jetpack_publicize_connections":[],"jetpack_featured_media_url":"https:\/\/www.aragonsuena.com\/php\/wp-content\/uploads\/2009\/12\/LogoAragonSuena2009GrandeOctubre2009Peineta500.jpg","jetpack_shortlink":"https:\/\/wp.me\/pgBkdw-h","jetpack_sharing_enabled":true,"_links":{"self":[{"href":"https:\/\/www.aragonsuena.com\/php\/wp-json\/wp\/v2\/posts\/17","targetHints":{"allow":["GET"]}}],"collection":[{"href":"https:\/\/www.aragonsuena.com\/php\/wp-json\/wp\/v2\/posts"}],"about":[{"href":"https:\/\/www.aragonsuena.com\/php\/wp-json\/wp\/v2\/types\/post"}],"author":[{"embeddable":true,"href":"https:\/\/www.aragonsuena.com\/php\/wp-json\/wp\/v2\/users\/1"}],"replies":[{"embeddable":true,"href":"https:\/\/www.aragonsuena.com\/php\/wp-json\/wp\/v2\/comments?post=17"}],"version-history":[{"count":0,"href":"https:\/\/www.aragonsuena.com\/php\/wp-json\/wp\/v2\/posts\/17\/revisions"}],"wp:featuredmedia":[{"embeddable":true,"href":"https:\/\/www.aragonsuena.com\/php\/wp-json\/wp\/v2\/media\/458"}],"wp:attachment":[{"href":"https:\/\/www.aragonsuena.com\/php\/wp-json\/wp\/v2\/media?parent=17"}],"wp:term":[{"taxonomy":"category","embeddable":true,"href":"https:\/\/www.aragonsuena.com\/php\/wp-json\/wp\/v2\/categories?post=17"},{"taxonomy":"post_tag","embeddable":true,"href":"https:\/\/www.aragonsuena.com\/php\/wp-json\/wp\/v2\/tags?post=17"}],"curies":[{"name":"wp","href":"https:\/\/api.w.org\/{rel}","templated":true}]}}