{"id":178,"date":"2009-05-03T23:38:26","date_gmt":"2009-05-04T06:38:26","guid":{"rendered":"http:\/\/www.aragonsuena.com\/php\/?p=178"},"modified":"2009-05-04T14:50:48","modified_gmt":"2009-05-04T21:50:48","slug":"los-oscenses-copiloto-presentan-su-segundo-disco-en-aragon-suena","status":"publish","type":"post","link":"https:\/\/www.aragonsuena.com\/php\/2009\/05\/03\/los-oscenses-copiloto-presentan-su-segundo-disco-en-aragon-suena\/","title":{"rendered":"Los oscenses Copiloto presentan su segundo disco en Arag\u00f3n Suena"},"content":{"rendered":"<div id=\"attachment_182\" style=\"width: 460px\" class=\"wp-caption aligncenter\"><img loading=\"lazy\" decoding=\"async\" aria-describedby=\"caption-attachment-182\" class=\"size-full wp-image-182\" title=\"Gavy Sander's\" src=\"http:\/\/www.aragonsuena.com\/php\/wp-content\/uploads\/2009\/05\/gavysanders.jpg\" alt=\"Gavy Sander's\" width=\"450\" height=\"338\" srcset=\"https:\/\/www.aragonsuena.com\/php\/wp-content\/uploads\/2009\/05\/gavysanders.jpg 450w, https:\/\/www.aragonsuena.com\/php\/wp-content\/uploads\/2009\/05\/gavysanders-300x225.jpg 300w\" sizes=\"auto, (max-width: 450px) 100vw, 450px\" \/><p id=\"caption-attachment-182\" class=\"wp-caption-text\">Gavy Sander&#39;s, en Arag\u00f3n Suena<\/p><\/div>\n<p>El \u00fanico pionero del Rock&#8217;n&#8217;roll en vida perteneciente a es primera hornada influenciada por la cultura de la base americana (<strong>Rocky Kan<\/strong>, <strong>Baby<\/strong> y <strong>Chico Valento<\/strong>) visitar\u00e1 los estudios de Arag\u00f3n Radio. El es <strong>Gavy Sander&#8217;s<\/strong> (en el centro de la foto) y participar\u00e1 en la secci\u00f3n del oyente tras numerosos e-mails pidiendo informaci\u00f3n suya desde <a href=\"mailto:aragonsuena@aragonradio.es\">aragonsuena@aragonradio.es<\/a>. Todo un mito viviente en el Arag\u00f3n Suena.<\/p>\n<p>El grupo oscense <strong>Copiloto<\/strong>, tras compartir gira con <strong>Amaral<\/strong>, presentar\u00e1 su segundo disco, editado por el sello aragon\u00e9s Grabaciones en el mar, y que lleva por nombre \u00abUn segundo luminoso\u00bb.<\/p>\n<p>La banda de rock urbano <strong>Gen<\/strong> nos hablar\u00e1n del que es ya su cuarto disco: \u00abLa guerra es la paz&#8230;\u00bb y de la gira que les est\u00e1 llevando a numerosos puntos de la geograf\u00eda espa\u00f1ola. Su disco puede adquirirse en <a href=\"http:\/\/magofermin.com\/\" target=\"_blank\">magofermin.com<\/a> tanto compr\u00e1ndolo en f\u00edsico como baj\u00e1ndoselo de modo totalmente gratuito.<\/p>\n<p>En portada tendremos a <strong>Ricardo Igea<\/strong> que regresa con un tercer disco, \u00abTodo lo que tengo\u00bb, brillante. Con m\u00e1s fuerza que nunca.<\/p>\n<p>La contraportada la elegir\u00e1 Rafa del grupo <strong>Gascoigne<\/strong> que se decantar\u00e1 por el grupo <strong>El Ni\u00f1\u00f3 Gusano<\/strong>.<\/p>\n<p>Tambi\u00e9n incluiremos nuestra habitual agenda de conciertos de Huesca, Teruel y Zaragoza.<\/p>\n<p><code>[audio:http:\/\/www.aragonsuena.com\/audio\/ProgramaAragonSuena03mayo2009.mp3]<\/code><a href=\"http:\/\/www.aragonsuena.com\/audio\/ProgramaAragonSuena25mayo2008.mp3\" target=\"_blank\"><code> <\/code><\/a><\/p>\n<p><a href=\"http:\/\/www.aragonsuena.com\/audio\/ProgramaAragonSuena03mayo2009.mp3\" target=\"_blank\">Descargar programa<\/a><\/p>\n","protected":false},"excerpt":{"rendered":"<p>El \u00fanico pionero del Rock&#8217;n&#8217;roll en vida perteneciente a es primera hornada influenciada por la cultura de la base americana (Rocky Kan, Baby y Chico Valento) visitar\u00e1 los estudios de Arag\u00f3n Radio. El es Gavy Sander&#8217;s (en el centro de la foto) y participar\u00e1 en la secci\u00f3n del oyente tras numerosos e-mails pidiendo informaci\u00f3n suya [&hellip;]<\/p>\n","protected":false},"author":1,"featured_media":182,"comment_status":"open","ping_status":"open","sticky":false,"template":"","format":"standard","meta":{"jetpack_post_was_ever_published":false,"_jetpack_newsletter_access":"","_jetpack_dont_email_post_to_subs":false,"_jetpack_newsletter_tier_id":0,"_jetpack_memberships_contains_paywalled_content":false,"iawp_total_views":0,"_jetpack_memberships_contains_paid_content":false,"footnotes":"","jetpack_publicize_message":"","jetpack_publicize_feature_enabled":true,"jetpack_social_post_already_shared":false,"jetpack_social_options":{"image_generator_settings":{"template":"highway","default_image_id":0,"font":"","enabled":false},"version":2}},"categories":[1],"tags":[15,134,135,129,138,88,136,116,137,133],"class_list":["post-178","post","type-post","status-publish","format-standard","has-post-thumbnail","hentry","category-programas","tag-amaral","tag-baby","tag-chico-valento","tag-copiloto","tag-el-nino-gusano","tag-gascoigne","tag-gavy-sanders","tag-gen","tag-ricardo-igea","tag-rocky-kan"],"jetpack_publicize_connections":[],"jetpack_featured_media_url":"https:\/\/www.aragonsuena.com\/php\/wp-content\/uploads\/2009\/05\/gavysanders.jpg","jetpack_shortlink":"https:\/\/wp.me\/pgBkdw-2S","jetpack_sharing_enabled":true,"_links":{"self":[{"href":"https:\/\/www.aragonsuena.com\/php\/wp-json\/wp\/v2\/posts\/178","targetHints":{"allow":["GET"]}}],"collection":[{"href":"https:\/\/www.aragonsuena.com\/php\/wp-json\/wp\/v2\/posts"}],"about":[{"href":"https:\/\/www.aragonsuena.com\/php\/wp-json\/wp\/v2\/types\/post"}],"author":[{"embeddable":true,"href":"https:\/\/www.aragonsuena.com\/php\/wp-json\/wp\/v2\/users\/1"}],"replies":[{"embeddable":true,"href":"https:\/\/www.aragonsuena.com\/php\/wp-json\/wp\/v2\/comments?post=178"}],"version-history":[{"count":6,"href":"https:\/\/www.aragonsuena.com\/php\/wp-json\/wp\/v2\/posts\/178\/revisions"}],"predecessor-version":[{"id":180,"href":"https:\/\/www.aragonsuena.com\/php\/wp-json\/wp\/v2\/posts\/178\/revisions\/180"}],"wp:featuredmedia":[{"embeddable":true,"href":"https:\/\/www.aragonsuena.com\/php\/wp-json\/wp\/v2\/media\/182"}],"wp:attachment":[{"href":"https:\/\/www.aragonsuena.com\/php\/wp-json\/wp\/v2\/media?parent=178"}],"wp:term":[{"taxonomy":"category","embeddable":true,"href":"https:\/\/www.aragonsuena.com\/php\/wp-json\/wp\/v2\/categories?post=178"},{"taxonomy":"post_tag","embeddable":true,"href":"https:\/\/www.aragonsuena.com\/php\/wp-json\/wp\/v2\/tags?post=178"}],"curies":[{"name":"wp","href":"https:\/\/api.w.org\/{rel}","templated":true}]}}