{"id":198,"date":"2009-05-24T23:13:43","date_gmt":"2009-05-25T06:13:43","guid":{"rendered":"http:\/\/www.aragonsuena.com\/php\/?p=198"},"modified":"2009-05-26T12:17:46","modified_gmt":"2009-05-26T19:17:46","slug":"desde-el-bajo-aragon-la-banda-victor-meilan-nos-hablan-de-su-disco-retrografia","status":"publish","type":"post","link":"https:\/\/www.aragonsuena.com\/php\/2009\/05\/24\/desde-el-bajo-aragon-la-banda-victor-meilan-nos-hablan-de-su-disco-retrografia\/","title":{"rendered":"Desde el Bajo Arag\u00f3n la banda V\u00edctor Meilan nos hablan de su disco \u00abRetrograf\u00eda\u00bb"},"content":{"rendered":"<p>Entrevistamos a <strong>Ricardo Igea<\/strong> y escuchamos un disco que ha tardado la friolera de 7 a\u00f1os en salir desde que se grab\u00f3 y, ahora, se ha vuelto a grabar. Igea vuelve pues a los escenarios, y, por primera vez en 7 a\u00f1os, concede una entrevista. Tocar\u00e1 el pr\u00f3ximo viernes, 29 de mayo, en la sala Oasis de Zaragoza para presentar su esperad\u00edsimo \u00abTodo lo que tengo\u00bb.<\/p>\n<p>Desde el Bajo Arag\u00f3n, la banda <strong>V\u00edctor Meilan<\/strong>, visitar\u00e1 los estudios de Arag\u00f3n Radio para hablarnos de su aclamado disco \u00abRetrograf\u00eda\u00bb. Con claros<br \/>\nrasgos anglosajones y un sonido muy personal, la formaci\u00f3n de Alca\u00f1iz y Calanda, nos presentar\u00e1 su trabajo musical.<\/p>\n<p>El comienzo, como tema musical de portada, lo pondr\u00e1 el cantautor bilbilitano <strong>\u00c1ngel Petisme<\/strong>. Escucharemos su \u00faltimo trabajo musical: \u00abR\u00edo Ebrio\u00bb.<\/p>\n<p>En la secci\u00f3n del oyente, conocida como El mel\u00f3mano suena, contestando<br \/>\nun e-mail que nos ha llegado desde aragonsuena@aragonradio.es,\u00a0 ablaremos del gran \u00e9xito de los 90 \u00abNo pises la iguana\u00bb y del grupo que lo<br \/>\ninterpret\u00f3.<\/p>\n<p>El tema de contraportada lo elegir\u00e1 Javier del grupo<strong> Looner<\/strong> que elegir\u00e1 el \u00abDois\u00bb de Ricochefo.<\/p>\n<p><code>[audio:http:\/\/www.aragonsuena.com\/audio\/ProgramaAragonSuena24mayo2009.mp3]<\/code><a href=\"http:\/\/www.aragonsuena.com\/audio\/ProgramaAragonSuena25mayo2008.mp3\" target=\"_blank\"><code> <\/code><\/a><\/p>\n<p><a href=\"http:\/\/www.aragonsuena.com\/audio\/ProgramaAragonSuena24mayo2009.mp3\" target=\"_blank\">Descargar programa<\/a><\/p>\n","protected":false},"excerpt":{"rendered":"<p>Entrevistamos a Ricardo Igea y escuchamos un disco que ha tardado la friolera de 7 a\u00f1os en salir desde que se grab\u00f3 y, ahora, se ha vuelto a grabar. Igea vuelve pues a los escenarios, y, por primera vez en 7 a\u00f1os, concede una entrevista. Tocar\u00e1 el pr\u00f3ximo viernes, 29 de mayo, en la sala [&hellip;]<\/p>\n","protected":false},"author":1,"featured_media":458,"comment_status":"open","ping_status":"open","sticky":false,"template":"","format":"standard","meta":{"_jetpack_newsletter_access":"","_jetpack_dont_email_post_to_subs":false,"_jetpack_newsletter_tier_id":0,"_jetpack_memberships_contains_paywalled_content":false,"iawp_total_views":0,"_jetpack_memberships_contains_paid_content":false,"footnotes":"","jetpack_publicize_message":"","jetpack_publicize_feature_enabled":true,"jetpack_social_post_already_shared":false,"jetpack_social_options":{"image_generator_settings":{"template":"highway","default_image_id":0,"font":"","enabled":false},"version":2},"jetpack_post_was_ever_published":false},"categories":[1],"tags":[151,152,137,33,148],"class_list":["post-198","post","type-post","status-publish","format-standard","has-post-thumbnail","hentry","category-programas","tag-angel-petisme","tag-looner","tag-ricardo-igea","tag-ricochefo","tag-victor-meilan"],"jetpack_publicize_connections":[],"jetpack_featured_media_url":"https:\/\/www.aragonsuena.com\/php\/wp-content\/uploads\/2009\/12\/LogoAragonSuena2009GrandeOctubre2009Peineta500.jpg","jetpack_shortlink":"https:\/\/wp.me\/pgBkdw-3c","jetpack_sharing_enabled":true,"_links":{"self":[{"href":"https:\/\/www.aragonsuena.com\/php\/wp-json\/wp\/v2\/posts\/198","targetHints":{"allow":["GET"]}}],"collection":[{"href":"https:\/\/www.aragonsuena.com\/php\/wp-json\/wp\/v2\/posts"}],"about":[{"href":"https:\/\/www.aragonsuena.com\/php\/wp-json\/wp\/v2\/types\/post"}],"author":[{"embeddable":true,"href":"https:\/\/www.aragonsuena.com\/php\/wp-json\/wp\/v2\/users\/1"}],"replies":[{"embeddable":true,"href":"https:\/\/www.aragonsuena.com\/php\/wp-json\/wp\/v2\/comments?post=198"}],"version-history":[{"count":2,"href":"https:\/\/www.aragonsuena.com\/php\/wp-json\/wp\/v2\/posts\/198\/revisions"}],"predecessor-version":[{"id":201,"href":"https:\/\/www.aragonsuena.com\/php\/wp-json\/wp\/v2\/posts\/198\/revisions\/201"}],"wp:featuredmedia":[{"embeddable":true,"href":"https:\/\/www.aragonsuena.com\/php\/wp-json\/wp\/v2\/media\/458"}],"wp:attachment":[{"href":"https:\/\/www.aragonsuena.com\/php\/wp-json\/wp\/v2\/media?parent=198"}],"wp:term":[{"taxonomy":"category","embeddable":true,"href":"https:\/\/www.aragonsuena.com\/php\/wp-json\/wp\/v2\/categories?post=198"},{"taxonomy":"post_tag","embeddable":true,"href":"https:\/\/www.aragonsuena.com\/php\/wp-json\/wp\/v2\/tags?post=198"}],"curies":[{"name":"wp","href":"https:\/\/api.w.org\/{rel}","templated":true}]}}