{"id":218,"date":"2009-06-28T23:24:37","date_gmt":"2009-06-29T06:24:37","guid":{"rendered":"http:\/\/www.aragonsuena.com\/php\/?p=218"},"modified":"2009-10-22T19:45:38","modified_gmt":"2009-10-23T02:45:38","slug":"los-oscenses-plasma-presentan-su-primer-trabajo-musical-en-el-aragon-suena","status":"publish","type":"post","link":"https:\/\/www.aragonsuena.com\/php\/2009\/06\/28\/los-oscenses-plasma-presentan-su-primer-trabajo-musical-en-el-aragon-suena\/","title":{"rendered":"Los oscenses Plasma presentan su primer trabajo musical en el Arag\u00f3n Suena"},"content":{"rendered":"<p style=\"text-align: justify;\">Entrevistamos al cantautor <strong>\u00c1ngel Petisme<\/strong> con motivo de la presentaci\u00f3n en Zaragoza de su \u00faltimo trabajo musical: \u00abR\u00edo Ebrio\u00bb. El directo tendr\u00e1 lugar el pr\u00f3ximo viernes, 3 de junio, en Teatro Arbol\u00e9. Antes nos explica el contenido del disco en los estudios de <span>Arag\u00f3n<\/span> Radio.<\/p>\n<p>Conversamos con los oscenses<strong> Plasma<\/strong>, uno de los grupos revelaci\u00f3n de 2009. Acaban de sacar su primera grabaci\u00f3n que ha obtenido muy buenas cr\u00edticas compar\u00e1ndolos con las bandas independientes m\u00e1s importantes de Espa\u00f1a.<\/p>\n<p>Con motivo del festival de Hip Hop Zaragoza Ciudad, en la secci\u00f3n del oyente, hablamos con <strong>Ram\u00f3n Arconchel<\/strong>, uno de los organizadores. Este festival es ya una referencia en Europa y cuenta con artistas de primera fila conviviendo con los raperos m\u00e1s sobresalientes de la ciudad de Zaragoza.<\/p>\n<p>El tema de portada tambi\u00e9n va de Rap. Comenzaremos con \u00abEl tiempo vuela\u00bb de <strong>Jass<\/strong>. Uno de los temas que se encuentran en un disco compuesto por varios artistas del Hip Hop aragon\u00e9s bajo la producci\u00f3n de los importantes DJs DJC \/ SPI.<\/p>\n<p>Terminaremos, como tema de contraportada, con el \u00abD\u00edas de Gloria\u00bb de <strong>Distritocatorce<\/strong> a petici\u00f3n de Dani de la banda <strong>Crochet<\/strong>.<\/p>\n<p>Tambi\u00e9n habr\u00e1 agenda digital de eventos musicales de Huesca, Teruel y Zaragoza.<\/p>\n<p style=\"text-align: justify;\">[audio:http:\/\/www.aragonsuena.com\/audio\/ProgramaAragonSuena28junio2009.mp3]<\/p>\n<p><a href=\"http:\/\/www.aragonsuena.com\/audio\/ProgramaAragonSuena28junio2009.mp3\" target=\"_blank\">Descargar programa<\/a><\/p>\n","protected":false},"excerpt":{"rendered":"<p>Entrevistamos al cantautor \u00c1ngel Petisme con motivo de la presentaci\u00f3n en Zaragoza de su \u00faltimo trabajo musical: \u00abR\u00edo Ebrio\u00bb. El directo tendr\u00e1 lugar el pr\u00f3ximo viernes, 3 de junio, en Teatro Arbol\u00e9. Antes nos explica el contenido del disco en los estudios de Arag\u00f3n Radio. Conversamos con los oscenses Plasma, uno de los grupos revelaci\u00f3n [&hellip;]<\/p>\n","protected":false},"author":1,"featured_media":458,"comment_status":"open","ping_status":"open","sticky":false,"template":"","format":"standard","meta":{"_jetpack_newsletter_access":"","_jetpack_dont_email_post_to_subs":false,"_jetpack_newsletter_tier_id":0,"_jetpack_memberships_contains_paywalled_content":false,"iawp_total_views":0,"_jetpack_memberships_contains_paid_content":false,"footnotes":"","jetpack_publicize_message":"","jetpack_publicize_feature_enabled":true,"jetpack_social_post_already_shared":false,"jetpack_social_options":{"image_generator_settings":{"template":"highway","default_image_id":0,"font":"","enabled":false},"version":2},"jetpack_post_was_ever_published":false},"categories":[183,1],"tags":[178,151,175,114,179,116,174,177,180,176],"class_list":["post-218","post","type-post","status-publish","format-standard","has-post-thumbnail","hentry","category-featured-articles","category-programas","tag-arconchel","tag-angel-petisme","tag-ciudad-de-zaragoza","tag-crochet","tag-distritocatorce","tag-gen","tag-hip-hop-zaragoza","tag-huesca","tag-plasma","tag-teruel"],"jetpack_publicize_connections":[],"jetpack_featured_media_url":"https:\/\/www.aragonsuena.com\/php\/wp-content\/uploads\/2009\/12\/LogoAragonSuena2009GrandeOctubre2009Peineta500.jpg","jetpack_shortlink":"https:\/\/wp.me\/pgBkdw-3w","jetpack_sharing_enabled":true,"_links":{"self":[{"href":"https:\/\/www.aragonsuena.com\/php\/wp-json\/wp\/v2\/posts\/218","targetHints":{"allow":["GET"]}}],"collection":[{"href":"https:\/\/www.aragonsuena.com\/php\/wp-json\/wp\/v2\/posts"}],"about":[{"href":"https:\/\/www.aragonsuena.com\/php\/wp-json\/wp\/v2\/types\/post"}],"author":[{"embeddable":true,"href":"https:\/\/www.aragonsuena.com\/php\/wp-json\/wp\/v2\/users\/1"}],"replies":[{"embeddable":true,"href":"https:\/\/www.aragonsuena.com\/php\/wp-json\/wp\/v2\/comments?post=218"}],"version-history":[{"count":9,"href":"https:\/\/www.aragonsuena.com\/php\/wp-json\/wp\/v2\/posts\/218\/revisions"}],"predecessor-version":[{"id":336,"href":"https:\/\/www.aragonsuena.com\/php\/wp-json\/wp\/v2\/posts\/218\/revisions\/336"}],"wp:featuredmedia":[{"embeddable":true,"href":"https:\/\/www.aragonsuena.com\/php\/wp-json\/wp\/v2\/media\/458"}],"wp:attachment":[{"href":"https:\/\/www.aragonsuena.com\/php\/wp-json\/wp\/v2\/media?parent=218"}],"wp:term":[{"taxonomy":"category","embeddable":true,"href":"https:\/\/www.aragonsuena.com\/php\/wp-json\/wp\/v2\/categories?post=218"},{"taxonomy":"post_tag","embeddable":true,"href":"https:\/\/www.aragonsuena.com\/php\/wp-json\/wp\/v2\/tags?post=218"}],"curies":[{"name":"wp","href":"https:\/\/api.w.org\/{rel}","templated":true}]}}