{"id":26,"date":"2007-07-08T23:59:44","date_gmt":"2007-07-09T06:59:44","guid":{"rendered":"http:\/\/www.aragonsuena.com\/php\/2007\/07\/08\/charlamos-con-joaquin-carbonell\/"},"modified":"2007-07-09T15:50:25","modified_gmt":"2007-07-09T22:50:25","slug":"charlamos-con-joaquin-carbonell","status":"publish","type":"post","link":"https:\/\/www.aragonsuena.com\/php\/2007\/07\/08\/charlamos-con-joaquin-carbonell\/","title":{"rendered":"Charlamos con Joaqu\u00edn Carbonell"},"content":{"rendered":"<p><font face=\"Arial\" size=\"2\">Hemos comenzado los especiales de verano y\u00a0 nos centramos en el cantautor<strong> Joaqu\u00edn Carbonell<\/strong> con el que mantenemos una conversaci\u00f3n informal muy distendida sobre su pasado, presente y futuro. Adem\u00e1s nos habla en exclusiva, por primera vez en un medio de comunicaci\u00f3n, de su nuevo disco que saldr\u00e1 en tan solo unos meses.<\/font><font face=\"Arial\" size=\"2\">Tambi\u00e9n contestamos a alg\u00fan e-mail de oyentes y repasamos conciertos pertenecientes por lo general a ciclos y festivales veraniegos.<\/font><\/p>\n<p><font face=\"Arial\" size=\"2\">Nuestro tema de portada lo protagoniza un nuevo  proyecto nacido en Benasque y que lleva el nombre de <strong>Aika<\/strong>. Acaban de editar un  compacto que lleva el nombre de <em>Tiempo<\/em>.<\/font><\/p>\n<p><a href=\"http:\/\/www.aragonsuena.com\/audio\/ProgramaAragonSuena08Julio2007.mp3\" target=\"_blank\">Escuchar el programa<\/a><\/p>\n","protected":false},"excerpt":{"rendered":"<p>Hemos comenzado los especiales de verano y\u00a0 nos centramos en el cantautor Joaqu\u00edn Carbonell con el que mantenemos una conversaci\u00f3n informal muy distendida sobre su pasado, presente y futuro. Adem\u00e1s nos habla en exclusiva, por primera vez en un medio de comunicaci\u00f3n, de su nuevo disco que saldr\u00e1 en tan solo unos meses.Tambi\u00e9n contestamos a [&hellip;]<\/p>\n","protected":false},"author":1,"featured_media":458,"comment_status":"open","ping_status":"open","sticky":false,"template":"","format":"standard","meta":{"jetpack_post_was_ever_published":false,"_jetpack_newsletter_access":"","_jetpack_dont_email_post_to_subs":false,"_jetpack_newsletter_tier_id":0,"_jetpack_memberships_contains_paywalled_content":false,"iawp_total_views":0,"_jetpack_memberships_contains_paid_content":false,"footnotes":"","jetpack_publicize_message":"","jetpack_publicize_feature_enabled":true,"jetpack_social_post_already_shared":false,"jetpack_social_options":{"image_generator_settings":{"template":"highway","default_image_id":0,"font":"","enabled":false},"version":2}},"categories":[1],"tags":[],"class_list":["post-26","post","type-post","status-publish","format-standard","has-post-thumbnail","hentry","category-programas"],"jetpack_publicize_connections":[],"jetpack_featured_media_url":"https:\/\/www.aragonsuena.com\/php\/wp-content\/uploads\/2009\/12\/LogoAragonSuena2009GrandeOctubre2009Peineta500.jpg","jetpack_shortlink":"https:\/\/wp.me\/pgBkdw-q","jetpack_sharing_enabled":true,"_links":{"self":[{"href":"https:\/\/www.aragonsuena.com\/php\/wp-json\/wp\/v2\/posts\/26","targetHints":{"allow":["GET"]}}],"collection":[{"href":"https:\/\/www.aragonsuena.com\/php\/wp-json\/wp\/v2\/posts"}],"about":[{"href":"https:\/\/www.aragonsuena.com\/php\/wp-json\/wp\/v2\/types\/post"}],"author":[{"embeddable":true,"href":"https:\/\/www.aragonsuena.com\/php\/wp-json\/wp\/v2\/users\/1"}],"replies":[{"embeddable":true,"href":"https:\/\/www.aragonsuena.com\/php\/wp-json\/wp\/v2\/comments?post=26"}],"version-history":[{"count":0,"href":"https:\/\/www.aragonsuena.com\/php\/wp-json\/wp\/v2\/posts\/26\/revisions"}],"wp:featuredmedia":[{"embeddable":true,"href":"https:\/\/www.aragonsuena.com\/php\/wp-json\/wp\/v2\/media\/458"}],"wp:attachment":[{"href":"https:\/\/www.aragonsuena.com\/php\/wp-json\/wp\/v2\/media?parent=26"}],"wp:term":[{"taxonomy":"category","embeddable":true,"href":"https:\/\/www.aragonsuena.com\/php\/wp-json\/wp\/v2\/categories?post=26"},{"taxonomy":"post_tag","embeddable":true,"href":"https:\/\/www.aragonsuena.com\/php\/wp-json\/wp\/v2\/tags?post=26"}],"curies":[{"name":"wp","href":"https:\/\/api.w.org\/{rel}","templated":true}]}}