{"id":267,"date":"2009-10-19T16:14:49","date_gmt":"2009-10-19T23:14:49","guid":{"rendered":"http:\/\/www.aragonsuena.com\/php\/?p=267"},"modified":"2009-10-22T19:49:51","modified_gmt":"2009-10-23T02:49:51","slug":"primer-aragon-suena-emancipado","status":"publish","type":"post","link":"https:\/\/www.aragonsuena.com\/php\/2009\/10\/19\/primer-aragon-suena-emancipado\/","title":{"rendered":"Primer Arag\u00f3n Suena emancipado"},"content":{"rendered":"<p><img loading=\"lazy\" decoding=\"async\" width=\"500\" height=\"500\" class=\"aligncenter size-full wp-image-280\" title=\"LogoAragonSuena2009-500Octubre2009\" src=\"http:\/\/www.aragonsuena.com\/php\/wp-content\/uploads\/2009\/10\/LogoAragonSuena2009-500Octubre20091.JPG\" alt=\"LogoAragonSuena2009-500Octubre2009\" srcset=\"https:\/\/www.aragonsuena.com\/php\/wp-content\/uploads\/2009\/10\/LogoAragonSuena2009-500Octubre20091.JPG 500w, https:\/\/www.aragonsuena.com\/php\/wp-content\/uploads\/2009\/10\/LogoAragonSuena2009-500Octubre20091-150x150.jpg 150w, https:\/\/www.aragonsuena.com\/php\/wp-content\/uploads\/2009\/10\/LogoAragonSuena2009-500Octubre20091-300x300.jpg 300w\" sizes=\"auto, (max-width: 500px) 100vw, 500px\" \/><\/p>\n<p>El 21 de octubre, a las 21 horas, 21 entrevistas compondr\u00e1n los contenidos del primer Arag\u00f3n Suena independiente. Los grupos protagonistas, siguiendo la l\u00ednea habitual de este espacio, ser\u00e1n formaciones de base.<\/p>\n<p>La cita ser\u00e1 a puertas abiertas en el Drinks and Pool, P\u00ba Conde Aranda, 138 (mapa: <a href=\"http:\/\/www.drinksandpool.com\/MapaAranda.html\">http:\/\/www.drinksandpool.com\/MapaAranda.html<\/a>)<\/p>\n<p>El programa se podr\u00e1 escuchar libremente a cualquier hora, desde el d\u00eda siguiente, 22 de octubre, a las 22 horas. El lugar elegido ha sido <a href=\"http:\/\/www.aragonmusicalradio.com\">www.aragonmusicalradio.com<\/a>, la radio del Colectivo Arag\u00f3n Musical, colectivo gestor de Arag\u00f3n Suena, que ha lavado su cara convirti\u00e9ndose en una plataforma independiente de difusi\u00f3n musical aragonesa de \u00faltima generaci\u00f3n. Desde all\u00ed se han creado 15 canales tem\u00e1ticos, seg\u00fan estilo musical, y est\u00e1n disponible los enlaces para bajar las 3 primeras temporadas de Arag\u00f3n Suena y, cada jueves, habr\u00e1 enlace nuevo de la temporada que est\u00e1 apunto de comenzar. Adem\u00e1s no ha mucho tardar nuevos programas se unir\u00e1n a este proyecto radiof\u00f3nico independiente sin precedentes.<\/p>\n<p>Puedes ampliar la informaci\u00f3n desde: <a href=\"http:\/\/www.aragonmusical.com\/noticias\/leer-noticia\/0\/2467\/\">http:\/\/www.aragonmusical.com\/noticias\/leer-noticia\/0\/2467\/<\/a><\/p>\n","protected":false},"excerpt":{"rendered":"<p>El 21 de octubre, a las 21 horas, 21 entrevistas compondr\u00e1n los contenidos del primer Arag\u00f3n Suena independiente. Los grupos protagonistas, siguiendo la l\u00ednea habitual de este espacio, ser\u00e1n formaciones de base. La cita ser\u00e1 a puertas abiertas en el Drinks and Pool, P\u00ba Conde Aranda, 138 (mapa: http:\/\/www.drinksandpool.com\/MapaAranda.html) El programa se podr\u00e1 escuchar libremente [&hellip;]<\/p>\n","protected":false},"author":2,"featured_media":280,"comment_status":"open","ping_status":"open","sticky":false,"template":"","format":"standard","meta":{"_jetpack_newsletter_access":"","_jetpack_dont_email_post_to_subs":false,"_jetpack_newsletter_tier_id":0,"_jetpack_memberships_contains_paywalled_content":false,"iawp_total_views":0,"_jetpack_memberships_contains_paid_content":false,"footnotes":"","jetpack_publicize_message":"","jetpack_publicize_feature_enabled":true,"jetpack_social_post_already_shared":false,"jetpack_social_options":{"image_generator_settings":{"template":"highway","default_image_id":0,"font":"","enabled":false},"version":2},"jetpack_post_was_ever_published":false},"categories":[183],"tags":[],"class_list":["post-267","post","type-post","status-publish","format-standard","has-post-thumbnail","hentry","category-featured-articles"],"jetpack_publicize_connections":[],"jetpack_featured_media_url":"https:\/\/www.aragonsuena.com\/php\/wp-content\/uploads\/2009\/10\/LogoAragonSuena2009-500Octubre20091.JPG","jetpack_shortlink":"https:\/\/wp.me\/pgBkdw-4j","jetpack_sharing_enabled":true,"_links":{"self":[{"href":"https:\/\/www.aragonsuena.com\/php\/wp-json\/wp\/v2\/posts\/267","targetHints":{"allow":["GET"]}}],"collection":[{"href":"https:\/\/www.aragonsuena.com\/php\/wp-json\/wp\/v2\/posts"}],"about":[{"href":"https:\/\/www.aragonsuena.com\/php\/wp-json\/wp\/v2\/types\/post"}],"author":[{"embeddable":true,"href":"https:\/\/www.aragonsuena.com\/php\/wp-json\/wp\/v2\/users\/2"}],"replies":[{"embeddable":true,"href":"https:\/\/www.aragonsuena.com\/php\/wp-json\/wp\/v2\/comments?post=267"}],"version-history":[{"count":21,"href":"https:\/\/www.aragonsuena.com\/php\/wp-json\/wp\/v2\/posts\/267\/revisions"}],"predecessor-version":[{"id":340,"href":"https:\/\/www.aragonsuena.com\/php\/wp-json\/wp\/v2\/posts\/267\/revisions\/340"}],"wp:featuredmedia":[{"embeddable":true,"href":"https:\/\/www.aragonsuena.com\/php\/wp-json\/wp\/v2\/media\/280"}],"wp:attachment":[{"href":"https:\/\/www.aragonsuena.com\/php\/wp-json\/wp\/v2\/media?parent=267"}],"wp:term":[{"taxonomy":"category","embeddable":true,"href":"https:\/\/www.aragonsuena.com\/php\/wp-json\/wp\/v2\/categories?post=267"},{"taxonomy":"post_tag","embeddable":true,"href":"https:\/\/www.aragonsuena.com\/php\/wp-json\/wp\/v2\/tags?post=267"}],"curies":[{"name":"wp","href":"https:\/\/api.w.org\/{rel}","templated":true}]}}