{"id":28,"date":"2007-07-29T23:59:34","date_gmt":"2007-07-30T06:59:34","guid":{"rendered":"http:\/\/www.aragonsuena.com\/php\/2007\/07\/29\/sultans-en-acustico\/"},"modified":"2007-08-16T05:33:00","modified_gmt":"2007-08-16T12:33:00","slug":"sultans-en-acustico","status":"publish","type":"post","link":"https:\/\/www.aragonsuena.com\/php\/2007\/07\/29\/sultans-en-acustico\/","title":{"rendered":"Sultans en ac\u00fastico"},"content":{"rendered":"<p> <a href=\"http:\/\/www.aragonsuena.com\/php\/wp-content\/uploads\/2007\/08\/fotosultansacusticoverano20.jpg\" onclick=\"return false;\" title=\"Enlace directo al archivo\"><img loading=\"lazy\" decoding=\"async\" src=\"http:\/\/www.aragonsuena.com\/php\/wp-content\/uploads\/2007\/08\/fotosultansacusticoverano20.jpg\" title=\"fotosultansacusticoverano20.jpg\" alt=\"fotosultansacusticoverano20.jpg\" height=\"320\" width=\"500\" \/><\/a><\/p>\n<p>El joven grupo <strong>Sultans<\/strong>, visitan los estudios de <strong>Arag\u00f3n Suena<\/strong> en <strong>Arag\u00f3n Radio<\/strong> para concedernos la oportunidad de verles en ac\u00fastico. Podremos escuchar dos temas y adem\u00e1s charlaremos sobre sus proyectos inmediatos.<\/p>\n<p>Adem\u00e1s la agenda de conciertos, nuestro tema de portada y las secciones de este verano.<\/p>\n<p><a href=\"http:\/\/www.aragonsuena.com\/audio\/ProgramaAragonSuena29Julio2007.mp3\" target=\"_blank\">Escuchar el programa<\/a><\/p>\n","protected":false},"excerpt":{"rendered":"<p>El joven grupo Sultans, visitan los estudios de Arag\u00f3n Suena en Arag\u00f3n Radio para concedernos la oportunidad de verles en ac\u00fastico. Podremos escuchar dos temas y adem\u00e1s charlaremos sobre sus proyectos inmediatos. Adem\u00e1s la agenda de conciertos, nuestro tema de portada y las secciones de este verano. Escuchar el programa<\/p>\n","protected":false},"author":1,"featured_media":458,"comment_status":"open","ping_status":"open","sticky":false,"template":"","format":"standard","meta":{"_jetpack_newsletter_access":"","_jetpack_dont_email_post_to_subs":false,"_jetpack_newsletter_tier_id":0,"_jetpack_memberships_contains_paywalled_content":false,"iawp_total_views":0,"_jetpack_memberships_contains_paid_content":false,"footnotes":"","jetpack_publicize_message":"","jetpack_publicize_feature_enabled":true,"jetpack_social_post_already_shared":false,"jetpack_social_options":{"image_generator_settings":{"template":"highway","default_image_id":0,"font":"","enabled":false},"version":2},"jetpack_post_was_ever_published":false},"categories":[1],"tags":[],"class_list":["post-28","post","type-post","status-publish","format-standard","has-post-thumbnail","hentry","category-programas"],"jetpack_publicize_connections":[],"jetpack_featured_media_url":"https:\/\/www.aragonsuena.com\/php\/wp-content\/uploads\/2009\/12\/LogoAragonSuena2009GrandeOctubre2009Peineta500.jpg","jetpack_shortlink":"https:\/\/wp.me\/pgBkdw-s","jetpack_sharing_enabled":true,"_links":{"self":[{"href":"https:\/\/www.aragonsuena.com\/php\/wp-json\/wp\/v2\/posts\/28","targetHints":{"allow":["GET"]}}],"collection":[{"href":"https:\/\/www.aragonsuena.com\/php\/wp-json\/wp\/v2\/posts"}],"about":[{"href":"https:\/\/www.aragonsuena.com\/php\/wp-json\/wp\/v2\/types\/post"}],"author":[{"embeddable":true,"href":"https:\/\/www.aragonsuena.com\/php\/wp-json\/wp\/v2\/users\/1"}],"replies":[{"embeddable":true,"href":"https:\/\/www.aragonsuena.com\/php\/wp-json\/wp\/v2\/comments?post=28"}],"version-history":[{"count":0,"href":"https:\/\/www.aragonsuena.com\/php\/wp-json\/wp\/v2\/posts\/28\/revisions"}],"wp:featuredmedia":[{"embeddable":true,"href":"https:\/\/www.aragonsuena.com\/php\/wp-json\/wp\/v2\/media\/458"}],"wp:attachment":[{"href":"https:\/\/www.aragonsuena.com\/php\/wp-json\/wp\/v2\/media?parent=28"}],"wp:term":[{"taxonomy":"category","embeddable":true,"href":"https:\/\/www.aragonsuena.com\/php\/wp-json\/wp\/v2\/categories?post=28"},{"taxonomy":"post_tag","embeddable":true,"href":"https:\/\/www.aragonsuena.com\/php\/wp-json\/wp\/v2\/tags?post=28"}],"curies":[{"name":"wp","href":"https:\/\/api.w.org\/{rel}","templated":true}]}}