{"id":35,"date":"2007-09-23T23:59:04","date_gmt":"2007-09-24T06:59:04","guid":{"rendered":"http:\/\/www.aragonsuena.com\/php\/2007\/09\/23\/especial-heroes-del-silencio-en-guatemala\/"},"modified":"2007-09-24T13:40:26","modified_gmt":"2007-09-24T20:40:26","slug":"especial-heroes-del-silencio-en-guatemala","status":"publish","type":"post","link":"https:\/\/www.aragonsuena.com\/php\/2007\/09\/23\/especial-heroes-del-silencio-en-guatemala\/","title":{"rendered":"Especial H\u00e9roes del Silencio en Guatemala"},"content":{"rendered":"<p> <img loading=\"lazy\" decoding=\"async\" src=\"http:\/\/www.aragonsuena.com\/php\/wp-content\/uploads\/2007\/09\/hds_pabloferrer_amusical_gu.jpg\" title=\"Heroes del Silencio en Guatemala\" alt=\"Heroes del Silencio en Guatemala\" height=\"338\" width=\"450\" \/><\/p>\n<p><strong>Arag\u00f3n Suena<\/strong> march\u00f3 a tierras Guatemaltecas. As\u00ed pudimos presenciar el comienzo de la gira del regreso de <strong>H\u00e9roes del Silencio<\/strong>. D\u00edas vividos muy intensos con gestes venidas desde pa\u00edses cercanos y no tanto. Honduras, M\u00e9xico, Costa Rica, Espa\u00f1a&#8230;<\/p>\n<p>Escucharemos los primeros sonidos del concierto y comentaremos lo ocurrido.<\/p>\n<p>Adem\u00e1s, nuestra novedad semanal con <strong>5in Rumbo<\/strong>. Agenda de conciertos y como de costumbre, nuestra contraportada.<\/p>\n<p><a href=\"http:\/\/www.aragonsuena.com\/audio\/ProgramaAragonSuena23Septiembre2007.mp3\" target=\"_blank\">Escuchar el programa<\/a><\/p>\n","protected":false},"excerpt":{"rendered":"<p>Arag\u00f3n Suena march\u00f3 a tierras Guatemaltecas. As\u00ed pudimos presenciar el comienzo de la gira del regreso de H\u00e9roes del Silencio. D\u00edas vividos muy intensos con gestes venidas desde pa\u00edses cercanos y no tanto. Honduras, M\u00e9xico, Costa Rica, Espa\u00f1a&#8230; Escucharemos los primeros sonidos del concierto y comentaremos lo ocurrido. Adem\u00e1s, nuestra novedad semanal con 5in Rumbo. [&hellip;]<\/p>\n","protected":false},"author":1,"featured_media":458,"comment_status":"open","ping_status":"open","sticky":false,"template":"","format":"standard","meta":{"jetpack_post_was_ever_published":false,"_jetpack_newsletter_access":"","_jetpack_dont_email_post_to_subs":false,"_jetpack_newsletter_tier_id":0,"_jetpack_memberships_contains_paywalled_content":false,"iawp_total_views":0,"_jetpack_memberships_contains_paid_content":false,"footnotes":"","jetpack_publicize_message":"","jetpack_publicize_feature_enabled":true,"jetpack_social_post_already_shared":false,"jetpack_social_options":{"image_generator_settings":{"template":"highway","default_image_id":0,"font":"","enabled":false},"version":2}},"categories":[1],"tags":[],"class_list":["post-35","post","type-post","status-publish","format-standard","has-post-thumbnail","hentry","category-programas"],"jetpack_publicize_connections":[],"jetpack_featured_media_url":"https:\/\/www.aragonsuena.com\/php\/wp-content\/uploads\/2009\/12\/LogoAragonSuena2009GrandeOctubre2009Peineta500.jpg","jetpack_shortlink":"https:\/\/wp.me\/pgBkdw-z","jetpack_sharing_enabled":true,"_links":{"self":[{"href":"https:\/\/www.aragonsuena.com\/php\/wp-json\/wp\/v2\/posts\/35","targetHints":{"allow":["GET"]}}],"collection":[{"href":"https:\/\/www.aragonsuena.com\/php\/wp-json\/wp\/v2\/posts"}],"about":[{"href":"https:\/\/www.aragonsuena.com\/php\/wp-json\/wp\/v2\/types\/post"}],"author":[{"embeddable":true,"href":"https:\/\/www.aragonsuena.com\/php\/wp-json\/wp\/v2\/users\/1"}],"replies":[{"embeddable":true,"href":"https:\/\/www.aragonsuena.com\/php\/wp-json\/wp\/v2\/comments?post=35"}],"version-history":[{"count":0,"href":"https:\/\/www.aragonsuena.com\/php\/wp-json\/wp\/v2\/posts\/35\/revisions"}],"wp:featuredmedia":[{"embeddable":true,"href":"https:\/\/www.aragonsuena.com\/php\/wp-json\/wp\/v2\/media\/458"}],"wp:attachment":[{"href":"https:\/\/www.aragonsuena.com\/php\/wp-json\/wp\/v2\/media?parent=35"}],"wp:term":[{"taxonomy":"category","embeddable":true,"href":"https:\/\/www.aragonsuena.com\/php\/wp-json\/wp\/v2\/categories?post=35"},{"taxonomy":"post_tag","embeddable":true,"href":"https:\/\/www.aragonsuena.com\/php\/wp-json\/wp\/v2\/tags?post=35"}],"curies":[{"name":"wp","href":"https:\/\/api.w.org\/{rel}","templated":true}]}}