{"id":38,"date":"2007-09-16T23:59:27","date_gmt":"2007-09-17T06:59:27","guid":{"rendered":"http:\/\/www.aragonsuena.com\/php\/2007\/09\/16\/estrenamos-el-cd-de-despues-de-todo\/"},"modified":"2007-09-24T15:48:37","modified_gmt":"2007-09-24T22:48:37","slug":"estrenamos-el-cd-de-despues-de-todo","status":"publish","type":"post","link":"https:\/\/www.aragonsuena.com\/php\/2007\/09\/16\/estrenamos-el-cd-de-despues-de-todo\/","title":{"rendered":"Estrenamos el CD de Despu\u00e9s de Todo"},"content":{"rendered":"<p>Seguimos estrenando discos. En esta ocasi\u00f3n los zaragozanos <strong>DDT<\/strong>, vistan nuestros estudios para comentarnos todo sobre su nuevo disco. Adem\u00e1s nos contar\u00e1n sus proyectos y giras.<\/p>\n<p>No olvidaremos nuestra agenda de conciertos, novedades y nuestra contraportada<\/p>\n<p><a href=\"http:\/\/www.aragonsuena.com\/audio\/ProgramaAragonSuena16Septiembre2007.mp3\" target=\"_blank\">Ecuchar programa<\/a><\/p>\n","protected":false},"excerpt":{"rendered":"<p>Seguimos estrenando discos. En esta ocasi\u00f3n los zaragozanos DDT, vistan nuestros estudios para comentarnos todo sobre su nuevo disco. Adem\u00e1s nos contar\u00e1n sus proyectos y giras. No olvidaremos nuestra agenda de conciertos, novedades y nuestra contraportada Ecuchar programa<\/p>\n","protected":false},"author":1,"featured_media":458,"comment_status":"open","ping_status":"open","sticky":false,"template":"","format":"standard","meta":{"jetpack_post_was_ever_published":false,"_jetpack_newsletter_access":"","_jetpack_dont_email_post_to_subs":false,"_jetpack_newsletter_tier_id":0,"_jetpack_memberships_contains_paywalled_content":false,"iawp_total_views":0,"_jetpack_memberships_contains_paid_content":false,"footnotes":"","jetpack_publicize_message":"","jetpack_publicize_feature_enabled":true,"jetpack_social_post_already_shared":false,"jetpack_social_options":{"image_generator_settings":{"template":"highway","default_image_id":0,"font":"","enabled":false},"version":2}},"categories":[1],"tags":[],"class_list":["post-38","post","type-post","status-publish","format-standard","has-post-thumbnail","hentry","category-programas"],"jetpack_publicize_connections":[],"jetpack_featured_media_url":"https:\/\/www.aragonsuena.com\/php\/wp-content\/uploads\/2009\/12\/LogoAragonSuena2009GrandeOctubre2009Peineta500.jpg","jetpack_shortlink":"https:\/\/wp.me\/pgBkdw-C","jetpack_sharing_enabled":true,"_links":{"self":[{"href":"https:\/\/www.aragonsuena.com\/php\/wp-json\/wp\/v2\/posts\/38","targetHints":{"allow":["GET"]}}],"collection":[{"href":"https:\/\/www.aragonsuena.com\/php\/wp-json\/wp\/v2\/posts"}],"about":[{"href":"https:\/\/www.aragonsuena.com\/php\/wp-json\/wp\/v2\/types\/post"}],"author":[{"embeddable":true,"href":"https:\/\/www.aragonsuena.com\/php\/wp-json\/wp\/v2\/users\/1"}],"replies":[{"embeddable":true,"href":"https:\/\/www.aragonsuena.com\/php\/wp-json\/wp\/v2\/comments?post=38"}],"version-history":[{"count":0,"href":"https:\/\/www.aragonsuena.com\/php\/wp-json\/wp\/v2\/posts\/38\/revisions"}],"wp:featuredmedia":[{"embeddable":true,"href":"https:\/\/www.aragonsuena.com\/php\/wp-json\/wp\/v2\/media\/458"}],"wp:attachment":[{"href":"https:\/\/www.aragonsuena.com\/php\/wp-json\/wp\/v2\/media?parent=38"}],"wp:term":[{"taxonomy":"category","embeddable":true,"href":"https:\/\/www.aragonsuena.com\/php\/wp-json\/wp\/v2\/categories?post=38"},{"taxonomy":"post_tag","embeddable":true,"href":"https:\/\/www.aragonsuena.com\/php\/wp-json\/wp\/v2\/tags?post=38"}],"curies":[{"name":"wp","href":"https:\/\/api.w.org\/{rel}","templated":true}]}}