{"id":422,"date":"2009-11-19T04:53:51","date_gmt":"2009-11-19T03:53:51","guid":{"rendered":"http:\/\/www.aragonsuena.com\/php\/?p=422"},"modified":"2009-11-26T03:51:19","modified_gmt":"2009-11-26T02:51:19","slug":"422","status":"publish","type":"post","link":"https:\/\/www.aragonsuena.com\/php\/2009\/11\/19\/422\/","title":{"rendered":"Descarga 19\/11\/09. 15 a\u00f1os de Grabaciones en el Mar \/ Almas Mudas. Edici\u00f3n N\u00ba131."},"content":{"rendered":"<p><strong>Arag\u00f3n Suena\u2026 y sigue\u2026 con un reportaje sobre los 15 a\u00f1os de Grabaciones en el mar, entrevista a Almas Mudas, la primer maqueta de Charli Pain &amp; the Violent Violins, un tema musical de Nubosidad Variable\u2026 y m\u00e1s y m\u00e1s\u2026 Arag\u00f3n musical\u2026<\/strong><\/p>\n<p><strong><span style=\"COLOR: #ff0000\">Escucha\u00a0o desc\u00e1rgate el programa desde la parte inferior de esta p\u00e1gina.<\/span><\/strong><\/p>\n<p style=\"text-align: center;\"><strong><span style=\"COLOR: #ff0000\"><img loading=\"lazy\" decoding=\"async\" width=\"302\" height=\"604\" class=\"aligncenter size-full wp-image-423\" title=\"CartelExposicianGrabacionesEnElMarNoviembre2009\" src=\"http:\/\/www.aragonsuena.com\/php\/wp-content\/uploads\/2009\/11\/CartelExposicianGrabacionesEnElMarNoviembre2009.jpg\" alt=\"CartelExposicianGrabacionesEnElMarNoviembre2009\" srcset=\"https:\/\/www.aragonsuena.com\/php\/wp-content\/uploads\/2009\/11\/CartelExposicianGrabacionesEnElMarNoviembre2009.jpg 302w, https:\/\/www.aragonsuena.com\/php\/wp-content\/uploads\/2009\/11\/CartelExposicianGrabacionesEnElMarNoviembre2009-150x300.jpg 150w\" sizes=\"auto, (max-width: 302px) 100vw, 302px\" \/><\/span><\/strong><\/p>\n<p><strong>Reportaje<\/strong>. Arag\u00f3n Suena fue con sus micr\u00f3fonos a la inauguraci\u00f3n de la exposici\u00f3n que conmemora el 15 aniversario del sello Grabaciones en el Mar.<\/p>\n<p><strong>Entrevista<\/strong>. Conversamos con Almas Mudas con motivo de sus nuevas canciones, colgadas en su p\u00e1gina web oficial: www.almasmudas.com. Adem\u00e1s tocar\u00e1n pr\u00f3ximamente junto a Molocos en la Sala Oasis de Zaragoza y semanas m\u00e1s tarde en Madrid.<\/p>\n<p><strong>Portada<\/strong>. Escuchamos parte del tercer disco de Arturo Hortas. Un \u00e1lbum compuesto por ced\u00e9 y DVD y que tiene como hilo conductor un viaje de cooperaci\u00f3n internacional del cantautor oscense a Ecuador.<\/p>\n<p><strong>Secci\u00f3n del Oyente<\/strong>. En la secci\u00f3n a la que llamamos El Mel\u00f3mano Suena escucharemos la maqueta del interesante proyecto personal de Carlos Pe\u00f1as, Charly Pain &amp; the Violent Violins, que acaba de dejar disponible en Internet para su libre escucha.<\/p>\n<p><strong>Contraportada<\/strong>. Santi del grupo Se\u00f1orita Evans nos pide algo de Nubosidad Variable.<\/p>\n<p><strong>Actualidad<\/strong>. No faltar\u00e1 el habitual bloque dedicado a la actualidad musical aragonesa.<\/p>\n","protected":false},"excerpt":{"rendered":"<p>Arag\u00f3n Suena\u2026 y sigue\u2026 con un reportaje sobre los 15 a\u00f1os de Grabaciones en el mar, entrevista a Almas Mudas, la primer maqueta de Charli Pain &amp; the Violent Violins, un tema musical de Nubosidad Variable\u2026 y m\u00e1s y m\u00e1s\u2026 Arag\u00f3n musical\u2026 Escucha\u00a0o desc\u00e1rgate el programa desde la parte inferior de esta p\u00e1gina. Reportaje. Arag\u00f3n [&hellip;]<\/p>\n","protected":false},"author":2,"featured_media":423,"comment_status":"open","ping_status":"open","sticky":false,"template":"","format":"standard","meta":{"jetpack_post_was_ever_published":false,"_jetpack_newsletter_access":"","_jetpack_dont_email_post_to_subs":false,"_jetpack_newsletter_tier_id":0,"_jetpack_memberships_contains_paywalled_content":false,"iawp_total_views":0,"_jetpack_memberships_contains_paid_content":false,"footnotes":"","jetpack_publicize_message":"","jetpack_publicize_feature_enabled":true,"jetpack_social_post_already_shared":false,"jetpack_social_options":{"image_generator_settings":{"template":"highway","default_image_id":0,"font":"","enabled":false},"version":2}},"categories":[183,1],"tags":[27,239,246,240,241,129,245,238,247,76,242,244,243,67],"class_list":["post-422","post","type-post","status-publish","format-standard","has-post-thumbnail","hentry","category-featured-articles","category-programas","tag-almas-mudas","tag-arturo-hortas","tag-centro-de-historia","tag-charly-pain","tag-charly-pain-the-violent-violins","tag-copiloto","tag-exposicion","tag-grabaciones-en-el-mar","tag-luis-diez","tag-nubosidad-variable","tag-oscar-sanmartin","tag-pedro-vizcaino","tag-rafa-angulo","tag-senorita-evans"],"jetpack_publicize_connections":[],"jetpack_featured_media_url":"https:\/\/www.aragonsuena.com\/php\/wp-content\/uploads\/2009\/11\/CartelExposicianGrabacionesEnElMarNoviembre2009.jpg","jetpack_shortlink":"https:\/\/wp.me\/sgBkdw-422","jetpack_sharing_enabled":true,"_links":{"self":[{"href":"https:\/\/www.aragonsuena.com\/php\/wp-json\/wp\/v2\/posts\/422","targetHints":{"allow":["GET"]}}],"collection":[{"href":"https:\/\/www.aragonsuena.com\/php\/wp-json\/wp\/v2\/posts"}],"about":[{"href":"https:\/\/www.aragonsuena.com\/php\/wp-json\/wp\/v2\/types\/post"}],"author":[{"embeddable":true,"href":"https:\/\/www.aragonsuena.com\/php\/wp-json\/wp\/v2\/users\/2"}],"replies":[{"embeddable":true,"href":"https:\/\/www.aragonsuena.com\/php\/wp-json\/wp\/v2\/comments?post=422"}],"version-history":[{"count":4,"href":"https:\/\/www.aragonsuena.com\/php\/wp-json\/wp\/v2\/posts\/422\/revisions"}],"predecessor-version":[{"id":431,"href":"https:\/\/www.aragonsuena.com\/php\/wp-json\/wp\/v2\/posts\/422\/revisions\/431"}],"wp:featuredmedia":[{"embeddable":true,"href":"https:\/\/www.aragonsuena.com\/php\/wp-json\/wp\/v2\/media\/423"}],"wp:attachment":[{"href":"https:\/\/www.aragonsuena.com\/php\/wp-json\/wp\/v2\/media?parent=422"}],"wp:term":[{"taxonomy":"category","embeddable":true,"href":"https:\/\/www.aragonsuena.com\/php\/wp-json\/wp\/v2\/categories?post=422"},{"taxonomy":"post_tag","embeddable":true,"href":"https:\/\/www.aragonsuena.com\/php\/wp-json\/wp\/v2\/tags?post=422"}],"curies":[{"name":"wp","href":"https:\/\/api.w.org\/{rel}","templated":true}]}}