{"id":43,"date":"2007-10-07T23:59:35","date_gmt":"2007-10-08T06:59:35","guid":{"rendered":"http:\/\/www.aragonsuena.com\/php\/2007\/10\/07\/especial-agenda-del-pilar-y-entrevista-con-nytrons\/"},"modified":"2007-10-19T06:52:45","modified_gmt":"2007-10-19T13:52:45","slug":"especial-agenda-del-pilar-y-entrevista-con-nytrons","status":"publish","type":"post","link":"https:\/\/www.aragonsuena.com\/php\/2007\/10\/07\/especial-agenda-del-pilar-y-entrevista-con-nytrons\/","title":{"rendered":"Especial agenda del Pilar y entrevista con Nytrons"},"content":{"rendered":"<p><strong>Nytros<\/strong>, grupo de Fraga, nos comenta sus m\u00e1s inmediatos proyectos. Es uno de los grupos que participa en las Fiestas del Pilar de este a\u00f1o. Precisamente dedicaremos la agenda a esos conciertos de las fiestas.<\/p>\n<p>Estrenaremos adem\u00e1s el nuevo sencillo de <strong>Las Novias<\/strong> en su regreso.<\/p>\n<p><a href=\"http:\/\/www.aragonsuena.com\/audio\/ProgramaAragonSuena07octubre2007.mp3\" target=\"_blank\">Escuchar programa<\/a><\/p>\n","protected":false},"excerpt":{"rendered":"<p>Nytros, grupo de Fraga, nos comenta sus m\u00e1s inmediatos proyectos. Es uno de los grupos que participa en las Fiestas del Pilar de este a\u00f1o. Precisamente dedicaremos la agenda a esos conciertos de las fiestas. Estrenaremos adem\u00e1s el nuevo sencillo de Las Novias en su regreso. Escuchar programa<\/p>\n","protected":false},"author":1,"featured_media":458,"comment_status":"open","ping_status":"open","sticky":false,"template":"","format":"standard","meta":{"jetpack_post_was_ever_published":false,"_jetpack_newsletter_access":"","_jetpack_dont_email_post_to_subs":false,"_jetpack_newsletter_tier_id":0,"_jetpack_memberships_contains_paywalled_content":false,"iawp_total_views":0,"_jetpack_memberships_contains_paid_content":false,"footnotes":"","jetpack_publicize_message":"","jetpack_publicize_feature_enabled":true,"jetpack_social_post_already_shared":false,"jetpack_social_options":{"image_generator_settings":{"template":"highway","default_image_id":0,"font":"","enabled":false},"version":2}},"categories":[1],"tags":[],"class_list":["post-43","post","type-post","status-publish","format-standard","has-post-thumbnail","hentry","category-programas"],"jetpack_publicize_connections":[],"jetpack_featured_media_url":"https:\/\/www.aragonsuena.com\/php\/wp-content\/uploads\/2009\/12\/LogoAragonSuena2009GrandeOctubre2009Peineta500.jpg","jetpack_shortlink":"https:\/\/wp.me\/pgBkdw-H","jetpack_sharing_enabled":true,"_links":{"self":[{"href":"https:\/\/www.aragonsuena.com\/php\/wp-json\/wp\/v2\/posts\/43","targetHints":{"allow":["GET"]}}],"collection":[{"href":"https:\/\/www.aragonsuena.com\/php\/wp-json\/wp\/v2\/posts"}],"about":[{"href":"https:\/\/www.aragonsuena.com\/php\/wp-json\/wp\/v2\/types\/post"}],"author":[{"embeddable":true,"href":"https:\/\/www.aragonsuena.com\/php\/wp-json\/wp\/v2\/users\/1"}],"replies":[{"embeddable":true,"href":"https:\/\/www.aragonsuena.com\/php\/wp-json\/wp\/v2\/comments?post=43"}],"version-history":[{"count":0,"href":"https:\/\/www.aragonsuena.com\/php\/wp-json\/wp\/v2\/posts\/43\/revisions"}],"wp:featuredmedia":[{"embeddable":true,"href":"https:\/\/www.aragonsuena.com\/php\/wp-json\/wp\/v2\/media\/458"}],"wp:attachment":[{"href":"https:\/\/www.aragonsuena.com\/php\/wp-json\/wp\/v2\/media?parent=43"}],"wp:term":[{"taxonomy":"category","embeddable":true,"href":"https:\/\/www.aragonsuena.com\/php\/wp-json\/wp\/v2\/categories?post=43"},{"taxonomy":"post_tag","embeddable":true,"href":"https:\/\/www.aragonsuena.com\/php\/wp-json\/wp\/v2\/tags?post=43"}],"curies":[{"name":"wp","href":"https:\/\/api.w.org\/{rel}","templated":true}]}}