{"id":48,"date":"2007-11-25T23:59:36","date_gmt":"2007-11-26T06:59:36","guid":{"rendered":"http:\/\/www.aragonsuena.com\/php\/2007\/11\/25\/entrevistamos-a-las-novias\/"},"modified":"2007-12-04T13:26:40","modified_gmt":"2007-12-04T20:26:40","slug":"entrevistamos-a-las-novias","status":"publish","type":"post","link":"https:\/\/www.aragonsuena.com\/php\/2007\/11\/25\/entrevistamos-a-las-novias\/","title":{"rendered":"Entrevistamos a Las Novias"},"content":{"rendered":"<p>Este pr\u00f3ximo 1 de diciembre, <strong>Las Novias<\/strong> vuelven a los escenarios pero esta vez en solitario, tras el regreso de las pasadas Fiestas del Pilar en Valdespartera. Hablaremos de todo lo sucedido, de su regreso y de su pr\u00f3ximo CD que pronto presentaremos en nuestro programa.<\/p>\n<p>Como siempre adem\u00e1s, nuestra agenda, portada y el Mel\u00f3mano Suena.<\/p>\n<p><a href=\"http:\/\/www.aragonsuena.com\/audio\/ProgramaAragonSuena25noviembre2007.mp3\" target=\"_blank\">Escuchar el programa<\/a><\/p>\n","protected":false},"excerpt":{"rendered":"<p>Este pr\u00f3ximo 1 de diciembre, Las Novias vuelven a los escenarios pero esta vez en solitario, tras el regreso de las pasadas Fiestas del Pilar en Valdespartera. Hablaremos de todo lo sucedido, de su regreso y de su pr\u00f3ximo CD que pronto presentaremos en nuestro programa. Como siempre adem\u00e1s, nuestra agenda, portada y el Mel\u00f3mano [&hellip;]<\/p>\n","protected":false},"author":1,"featured_media":458,"comment_status":"open","ping_status":"open","sticky":false,"template":"","format":"standard","meta":{"jetpack_post_was_ever_published":false,"_jetpack_newsletter_access":"","_jetpack_dont_email_post_to_subs":false,"_jetpack_newsletter_tier_id":0,"_jetpack_memberships_contains_paywalled_content":false,"iawp_total_views":0,"_jetpack_memberships_contains_paid_content":false,"footnotes":"","jetpack_publicize_message":"","jetpack_publicize_feature_enabled":true,"jetpack_social_post_already_shared":false,"jetpack_social_options":{"image_generator_settings":{"template":"highway","default_image_id":0,"font":"","enabled":false},"version":2}},"categories":[1],"tags":[],"class_list":["post-48","post","type-post","status-publish","format-standard","has-post-thumbnail","hentry","category-programas"],"jetpack_publicize_connections":[],"jetpack_featured_media_url":"https:\/\/www.aragonsuena.com\/php\/wp-content\/uploads\/2009\/12\/LogoAragonSuena2009GrandeOctubre2009Peineta500.jpg","jetpack_shortlink":"https:\/\/wp.me\/pgBkdw-M","jetpack_sharing_enabled":true,"_links":{"self":[{"href":"https:\/\/www.aragonsuena.com\/php\/wp-json\/wp\/v2\/posts\/48","targetHints":{"allow":["GET"]}}],"collection":[{"href":"https:\/\/www.aragonsuena.com\/php\/wp-json\/wp\/v2\/posts"}],"about":[{"href":"https:\/\/www.aragonsuena.com\/php\/wp-json\/wp\/v2\/types\/post"}],"author":[{"embeddable":true,"href":"https:\/\/www.aragonsuena.com\/php\/wp-json\/wp\/v2\/users\/1"}],"replies":[{"embeddable":true,"href":"https:\/\/www.aragonsuena.com\/php\/wp-json\/wp\/v2\/comments?post=48"}],"version-history":[{"count":0,"href":"https:\/\/www.aragonsuena.com\/php\/wp-json\/wp\/v2\/posts\/48\/revisions"}],"wp:featuredmedia":[{"embeddable":true,"href":"https:\/\/www.aragonsuena.com\/php\/wp-json\/wp\/v2\/media\/458"}],"wp:attachment":[{"href":"https:\/\/www.aragonsuena.com\/php\/wp-json\/wp\/v2\/media?parent=48"}],"wp:term":[{"taxonomy":"category","embeddable":true,"href":"https:\/\/www.aragonsuena.com\/php\/wp-json\/wp\/v2\/categories?post=48"},{"taxonomy":"post_tag","embeddable":true,"href":"https:\/\/www.aragonsuena.com\/php\/wp-json\/wp\/v2\/tags?post=48"}],"curies":[{"name":"wp","href":"https:\/\/api.w.org\/{rel}","templated":true}]}}