{"id":50,"date":"2008-02-03T23:59:15","date_gmt":"2008-02-04T06:59:15","guid":{"rendered":"http:\/\/www.aragonsuena.com\/php\/2008\/02\/03\/cistitis-the-pajer-visita-el-programa\/"},"modified":"2008-02-07T10:20:39","modified_gmt":"2008-02-07T17:20:39","slug":"cistitis-the-pajer-visita-el-programa","status":"publish","type":"post","link":"https:\/\/www.aragonsuena.com\/php\/2008\/02\/03\/cistitis-the-pajer-visita-el-programa\/","title":{"rendered":"Cistitis &#038; The pajer visita el programa"},"content":{"rendered":"<p>Ellos mismos decidieron su descalificaci\u00f3n del concurso <strong>Mu\u00e9vete en Directo<\/strong>. Visitan este domingo el programa para contarnos como fue todo y su aumento de popularidad en los \u00faltimos meses.<\/p>\n<p>Adem\u00e1s, nuestras secciones semanales de agenda, mel\u00f3mano y contraportada<\/p>\n<p><a href=\"http:\/\/www.aragonsuena.com\/audio\/ProgramaAragonSuena03Febrero2008.mp3\" target=\"_blank\">Escuchar programa<\/a><\/p>\n","protected":false},"excerpt":{"rendered":"<p>Ellos mismos decidieron su descalificaci\u00f3n del concurso Mu\u00e9vete en Directo. Visitan este domingo el programa para contarnos como fue todo y su aumento de popularidad en los \u00faltimos meses. Adem\u00e1s, nuestras secciones semanales de agenda, mel\u00f3mano y contraportada Escuchar programa<\/p>\n","protected":false},"author":1,"featured_media":458,"comment_status":"open","ping_status":"open","sticky":false,"template":"","format":"standard","meta":{"jetpack_post_was_ever_published":false,"_jetpack_newsletter_access":"","_jetpack_dont_email_post_to_subs":false,"_jetpack_newsletter_tier_id":0,"_jetpack_memberships_contains_paywalled_content":false,"iawp_total_views":0,"_jetpack_memberships_contains_paid_content":false,"footnotes":"","jetpack_publicize_message":"","jetpack_publicize_feature_enabled":true,"jetpack_social_post_already_shared":false,"jetpack_social_options":{"image_generator_settings":{"template":"highway","default_image_id":0,"font":"","enabled":false},"version":2}},"categories":[1],"tags":[],"class_list":["post-50","post","type-post","status-publish","format-standard","has-post-thumbnail","hentry","category-programas"],"jetpack_publicize_connections":[],"jetpack_featured_media_url":"https:\/\/www.aragonsuena.com\/php\/wp-content\/uploads\/2009\/12\/LogoAragonSuena2009GrandeOctubre2009Peineta500.jpg","jetpack_shortlink":"https:\/\/wp.me\/pgBkdw-O","jetpack_sharing_enabled":true,"_links":{"self":[{"href":"https:\/\/www.aragonsuena.com\/php\/wp-json\/wp\/v2\/posts\/50","targetHints":{"allow":["GET"]}}],"collection":[{"href":"https:\/\/www.aragonsuena.com\/php\/wp-json\/wp\/v2\/posts"}],"about":[{"href":"https:\/\/www.aragonsuena.com\/php\/wp-json\/wp\/v2\/types\/post"}],"author":[{"embeddable":true,"href":"https:\/\/www.aragonsuena.com\/php\/wp-json\/wp\/v2\/users\/1"}],"replies":[{"embeddable":true,"href":"https:\/\/www.aragonsuena.com\/php\/wp-json\/wp\/v2\/comments?post=50"}],"version-history":[{"count":0,"href":"https:\/\/www.aragonsuena.com\/php\/wp-json\/wp\/v2\/posts\/50\/revisions"}],"wp:featuredmedia":[{"embeddable":true,"href":"https:\/\/www.aragonsuena.com\/php\/wp-json\/wp\/v2\/media\/458"}],"wp:attachment":[{"href":"https:\/\/www.aragonsuena.com\/php\/wp-json\/wp\/v2\/media?parent=50"}],"wp:term":[{"taxonomy":"category","embeddable":true,"href":"https:\/\/www.aragonsuena.com\/php\/wp-json\/wp\/v2\/categories?post=50"},{"taxonomy":"post_tag","embeddable":true,"href":"https:\/\/www.aragonsuena.com\/php\/wp-json\/wp\/v2\/tags?post=50"}],"curies":[{"name":"wp","href":"https:\/\/api.w.org\/{rel}","templated":true}]}}