{"id":52,"date":"2008-01-20T23:59:29","date_gmt":"2008-01-21T06:59:29","guid":{"rendered":"http:\/\/www.aragonsuena.com\/php\/2008\/01\/20\/especial-ix-premios-de-la-musica-aragonesa\/"},"modified":"2008-02-07T11:13:01","modified_gmt":"2008-02-07T18:13:01","slug":"especial-ix-premios-de-la-musica-aragonesa","status":"publish","type":"post","link":"https:\/\/www.aragonsuena.com\/php\/2008\/01\/20\/especial-ix-premios-de-la-musica-aragonesa\/","title":{"rendered":"Especial IX Premios de la M\u00fasica Aragonesa"},"content":{"rendered":"<p>El programa de hoy lo dedicamos casi al completo a la inminente gala de entrega de los <strong>IX Premios de la M\u00fasica Aragonesa<\/strong>, en el Teatro Principal de Zaragoza. Entrevistaremos a uno de los grupos nominados y que adem\u00e1s actuar\u00e1n con dos temas durante el acto. El joven grupo<strong> XDay<\/strong>,\u00a0 nos visitan y charlaremos con ellos.<\/p>\n<p><a href=\"http:\/\/www.aragonsuena.com\/audio\/ProgramaAragonSuena20Enero2008.mp3\" target=\"_blank\">Escuchar programa<\/a><\/p>\n","protected":false},"excerpt":{"rendered":"<p>El programa de hoy lo dedicamos casi al completo a la inminente gala de entrega de los IX Premios de la M\u00fasica Aragonesa, en el Teatro Principal de Zaragoza. Entrevistaremos a uno de los grupos nominados y que adem\u00e1s actuar\u00e1n con dos temas durante el acto. El joven grupo XDay,\u00a0 nos visitan y charlaremos con [&hellip;]<\/p>\n","protected":false},"author":1,"featured_media":458,"comment_status":"open","ping_status":"open","sticky":false,"template":"","format":"standard","meta":{"jetpack_post_was_ever_published":false,"_jetpack_newsletter_access":"","_jetpack_dont_email_post_to_subs":false,"_jetpack_newsletter_tier_id":0,"_jetpack_memberships_contains_paywalled_content":false,"iawp_total_views":0,"_jetpack_memberships_contains_paid_content":false,"footnotes":"","jetpack_publicize_message":"","jetpack_publicize_feature_enabled":true,"jetpack_social_post_already_shared":false,"jetpack_social_options":{"image_generator_settings":{"template":"highway","default_image_id":0,"font":"","enabled":false},"version":2}},"categories":[1],"tags":[],"class_list":["post-52","post","type-post","status-publish","format-standard","has-post-thumbnail","hentry","category-programas"],"jetpack_publicize_connections":[],"jetpack_featured_media_url":"https:\/\/www.aragonsuena.com\/php\/wp-content\/uploads\/2009\/12\/LogoAragonSuena2009GrandeOctubre2009Peineta500.jpg","jetpack_shortlink":"https:\/\/wp.me\/pgBkdw-Q","jetpack_sharing_enabled":true,"_links":{"self":[{"href":"https:\/\/www.aragonsuena.com\/php\/wp-json\/wp\/v2\/posts\/52","targetHints":{"allow":["GET"]}}],"collection":[{"href":"https:\/\/www.aragonsuena.com\/php\/wp-json\/wp\/v2\/posts"}],"about":[{"href":"https:\/\/www.aragonsuena.com\/php\/wp-json\/wp\/v2\/types\/post"}],"author":[{"embeddable":true,"href":"https:\/\/www.aragonsuena.com\/php\/wp-json\/wp\/v2\/users\/1"}],"replies":[{"embeddable":true,"href":"https:\/\/www.aragonsuena.com\/php\/wp-json\/wp\/v2\/comments?post=52"}],"version-history":[{"count":0,"href":"https:\/\/www.aragonsuena.com\/php\/wp-json\/wp\/v2\/posts\/52\/revisions"}],"wp:featuredmedia":[{"embeddable":true,"href":"https:\/\/www.aragonsuena.com\/php\/wp-json\/wp\/v2\/media\/458"}],"wp:attachment":[{"href":"https:\/\/www.aragonsuena.com\/php\/wp-json\/wp\/v2\/media?parent=52"}],"wp:term":[{"taxonomy":"category","embeddable":true,"href":"https:\/\/www.aragonsuena.com\/php\/wp-json\/wp\/v2\/categories?post=52"},{"taxonomy":"post_tag","embeddable":true,"href":"https:\/\/www.aragonsuena.com\/php\/wp-json\/wp\/v2\/tags?post=52"}],"curies":[{"name":"wp","href":"https:\/\/api.w.org\/{rel}","templated":true}]}}