{"id":53,"date":"2008-03-16T23:59:18","date_gmt":"2008-03-17T06:59:18","guid":{"rendered":"http:\/\/www.aragonsuena.com\/php\/2008\/03\/16\/entrevista-con-amaral\/"},"modified":"2008-05-29T13:15:23","modified_gmt":"2008-05-29T20:15:23","slug":"entrevista-con-amaral","status":"publish","type":"post","link":"https:\/\/www.aragonsuena.com\/php\/2008\/03\/16\/entrevista-con-amaral\/","title":{"rendered":"Entrevista con Amaral e Inestables"},"content":{"rendered":"<p><img decoding=\"async\" src=\"http:\/\/www.aragonsuena.com\/php\/wp-content\/uploads\/2008\/03\/amaral_en_aragon_suena_9ccd09cd_imagenes.jpg\" alt=\"Amaral\" \/><\/p>\n<p>El pasado 3 de marzo, <strong>Amaral<\/strong> daba la sorpresa actuando en directo a  pie de calle en su ciudad, Zaragoza. <strong>Arag\u00f3n Suena<\/strong> mantuvo una   conversaci\u00f3n con ellos s\u00f3lo unos minutos despu\u00e9s de terminar su   actuaci\u00f3n. Escucharemos a <strong>Eva Amaral<\/strong> y <strong>Juan Aguirre<\/strong> hablar sobre su   pr\u00f3ximo disco, la motivaci\u00f3n de tocar a pie de calle, su pr\u00f3xima<br \/>\ngira&#8230; y m\u00e1s temas.<\/p>\n<p>Adem\u00e1s nos visita el grupo<strong> Inestables<\/strong> acaba de editar disco. Se llama <em>Al Rev\u00e9s<\/em> y lo   presentar\u00e1n el pr\u00f3ximo mi\u00e9rcoles 19 de marzo por la noche en la sala Z   de Zaragoza y unas horas antes, a modo de aperitivo, tocar\u00e1n en  formato ac\u00fastico en la Fnac Plaza Espa\u00f1a.<\/p>\n<p><a href=\"http:\/\/www.aragonsuena.com\/audio\/ProgramaAragonSuena16Marzo2008.mp3\" target=\"_blank\">Escuchar el programa<\/a><\/p>\n","protected":false},"excerpt":{"rendered":"<p>El pasado 3 de marzo, Amaral daba la sorpresa actuando en directo a pie de calle en su ciudad, Zaragoza. Arag\u00f3n Suena mantuvo una conversaci\u00f3n con ellos s\u00f3lo unos minutos despu\u00e9s de terminar su actuaci\u00f3n. Escucharemos a Eva Amaral y Juan Aguirre hablar sobre su pr\u00f3ximo disco, la motivaci\u00f3n de tocar a pie de calle, [&hellip;]<\/p>\n","protected":false},"author":1,"featured_media":458,"comment_status":"open","ping_status":"open","sticky":false,"template":"","format":"standard","meta":{"jetpack_post_was_ever_published":false,"_jetpack_newsletter_access":"","_jetpack_dont_email_post_to_subs":false,"_jetpack_newsletter_tier_id":0,"_jetpack_memberships_contains_paywalled_content":false,"iawp_total_views":0,"_jetpack_memberships_contains_paid_content":false,"footnotes":"","jetpack_publicize_message":"","jetpack_publicize_feature_enabled":true,"jetpack_social_post_already_shared":false,"jetpack_social_options":{"image_generator_settings":{"template":"highway","default_image_id":0,"font":"","enabled":false},"version":2}},"categories":[1],"tags":[15],"class_list":["post-53","post","type-post","status-publish","format-standard","has-post-thumbnail","hentry","category-programas","tag-amaral"],"jetpack_publicize_connections":[],"jetpack_featured_media_url":"https:\/\/www.aragonsuena.com\/php\/wp-content\/uploads\/2009\/12\/LogoAragonSuena2009GrandeOctubre2009Peineta500.jpg","jetpack_shortlink":"https:\/\/wp.me\/pgBkdw-R","jetpack_sharing_enabled":true,"_links":{"self":[{"href":"https:\/\/www.aragonsuena.com\/php\/wp-json\/wp\/v2\/posts\/53","targetHints":{"allow":["GET"]}}],"collection":[{"href":"https:\/\/www.aragonsuena.com\/php\/wp-json\/wp\/v2\/posts"}],"about":[{"href":"https:\/\/www.aragonsuena.com\/php\/wp-json\/wp\/v2\/types\/post"}],"author":[{"embeddable":true,"href":"https:\/\/www.aragonsuena.com\/php\/wp-json\/wp\/v2\/users\/1"}],"replies":[{"embeddable":true,"href":"https:\/\/www.aragonsuena.com\/php\/wp-json\/wp\/v2\/comments?post=53"}],"version-history":[{"count":0,"href":"https:\/\/www.aragonsuena.com\/php\/wp-json\/wp\/v2\/posts\/53\/revisions"}],"wp:featuredmedia":[{"embeddable":true,"href":"https:\/\/www.aragonsuena.com\/php\/wp-json\/wp\/v2\/media\/458"}],"wp:attachment":[{"href":"https:\/\/www.aragonsuena.com\/php\/wp-json\/wp\/v2\/media?parent=53"}],"wp:term":[{"taxonomy":"category","embeddable":true,"href":"https:\/\/www.aragonsuena.com\/php\/wp-json\/wp\/v2\/categories?post=53"},{"taxonomy":"post_tag","embeddable":true,"href":"https:\/\/www.aragonsuena.com\/php\/wp-json\/wp\/v2\/tags?post=53"}],"curies":[{"name":"wp","href":"https:\/\/api.w.org\/{rel}","templated":true}]}}