{"id":55,"date":"2008-03-30T23:59:39","date_gmt":"2008-03-31T06:59:39","guid":{"rendered":"http:\/\/www.aragonsuena.com\/php\/2008\/03\/30\/directo-de-puritani\/"},"modified":"2009-02-25T13:12:41","modified_gmt":"2009-02-25T20:12:41","slug":"directo-de-puritani","status":"publish","type":"post","link":"https:\/\/www.aragonsuena.com\/php\/2008\/03\/30\/directo-de-puritani\/","title":{"rendered":"Directo de Puritani"},"content":{"rendered":"<p><img decoding=\"async\" src=\"http:\/\/www.aragonsuena.com\/php\/wp-content\/uploads\/2008\/04\/puritani_en_aragon_suena.jpg\" alt=\"\" \/><\/p>\n<p>En el programa de hoy, tendremos algo in\u00e9dito hasta el momento en el <strong>Arag\u00f3n Suena<\/strong>. Con motivo de la presentaci\u00f3n del nuevo libro de <strong>Sergio Ortas<\/strong>, conocido tambi\u00e9n como <strong>Puritani<\/strong>, y con ello de su nuevo espect\u00e1culo multidisciplinar, acudir\u00e1 al programa para recitar sus poes\u00edas junto a la guiarra de <strong>Nacho El Ni\u00f1o<\/strong> (Alejandro Monserrat, Los C\u00e1rmenes, Malamente&#8230;) y el viol\u00edn de <strong>Jaime Lape\u00f1a<\/strong> (El Bosque, Almagato, Amaral&#8230;)<\/p>\n<p>Adelantaremos una de las canciones del 10\u00ba trabajo musical de los andorranos <strong>A Colla<\/strong>. Un disco que saldr\u00e1 en el a\u00f1o de su 30 cumplea\u00f1os como grupo.<\/p>\n<p>En la secci\u00f3n del oyente, nos han preguntado a trav\u00e9s de<a href=\"mailto:aragosuena@aragonradio.es\"> aragosuena@aragonradio.es<\/a> por el <strong>IV Festival Nuevo Metal<\/strong> de Zaragoza y tambi\u00e9n sobre una canci\u00f3n que compusieron y grabaron conjuntamente las bandas zaragozanas <strong>Big Sur<\/strong> y <strong>Silent.<\/strong> Hablaremos de ambas cuestiones.<\/p>\n<p><a href=\"http:\/\/www.aragonsuena.com\/audio\/ProgramaAragonSuena30Marzo2008_.mp3\" target=\"_blank\">Escuchar el programa<\/a><\/p>\n","protected":false},"excerpt":{"rendered":"<p>En el programa de hoy, tendremos algo in\u00e9dito hasta el momento en el Arag\u00f3n Suena. Con motivo de la presentaci\u00f3n del nuevo libro de Sergio Ortas, conocido tambi\u00e9n como Puritani, y con ello de su nuevo espect\u00e1culo multidisciplinar, acudir\u00e1 al programa para recitar sus poes\u00edas junto a la guiarra de Nacho El Ni\u00f1o (Alejandro Monserrat, [&hellip;]<\/p>\n","protected":false},"author":1,"featured_media":458,"comment_status":"open","ping_status":"open","sticky":false,"template":"","format":"standard","meta":{"jetpack_post_was_ever_published":false,"_jetpack_newsletter_access":"","_jetpack_dont_email_post_to_subs":false,"_jetpack_newsletter_tier_id":0,"_jetpack_memberships_contains_paywalled_content":false,"iawp_total_views":0,"_jetpack_memberships_contains_paid_content":false,"footnotes":"","jetpack_publicize_message":"","jetpack_publicize_feature_enabled":true,"jetpack_social_post_already_shared":false,"jetpack_social_options":{"image_generator_settings":{"template":"highway","default_image_id":0,"font":"","enabled":false},"version":2}},"categories":[1],"tags":[99,98,97,95,96],"class_list":["post-55","post","type-post","status-publish","format-standard","has-post-thumbnail","hentry","category-programas","tag-a-colla","tag-jaime-lapena","tag-nacho-el-nino","tag-puritani","tag-sergio-ortas"],"jetpack_publicize_connections":[],"jetpack_featured_media_url":"https:\/\/www.aragonsuena.com\/php\/wp-content\/uploads\/2009\/12\/LogoAragonSuena2009GrandeOctubre2009Peineta500.jpg","jetpack_shortlink":"https:\/\/wp.me\/pgBkdw-T","jetpack_sharing_enabled":true,"_links":{"self":[{"href":"https:\/\/www.aragonsuena.com\/php\/wp-json\/wp\/v2\/posts\/55","targetHints":{"allow":["GET"]}}],"collection":[{"href":"https:\/\/www.aragonsuena.com\/php\/wp-json\/wp\/v2\/posts"}],"about":[{"href":"https:\/\/www.aragonsuena.com\/php\/wp-json\/wp\/v2\/types\/post"}],"author":[{"embeddable":true,"href":"https:\/\/www.aragonsuena.com\/php\/wp-json\/wp\/v2\/users\/1"}],"replies":[{"embeddable":true,"href":"https:\/\/www.aragonsuena.com\/php\/wp-json\/wp\/v2\/comments?post=55"}],"version-history":[{"count":4,"href":"https:\/\/www.aragonsuena.com\/php\/wp-json\/wp\/v2\/posts\/55\/revisions"}],"predecessor-version":[{"id":134,"href":"https:\/\/www.aragonsuena.com\/php\/wp-json\/wp\/v2\/posts\/55\/revisions\/134"}],"wp:featuredmedia":[{"embeddable":true,"href":"https:\/\/www.aragonsuena.com\/php\/wp-json\/wp\/v2\/media\/458"}],"wp:attachment":[{"href":"https:\/\/www.aragonsuena.com\/php\/wp-json\/wp\/v2\/media?parent=55"}],"wp:term":[{"taxonomy":"category","embeddable":true,"href":"https:\/\/www.aragonsuena.com\/php\/wp-json\/wp\/v2\/categories?post=55"},{"taxonomy":"post_tag","embeddable":true,"href":"https:\/\/www.aragonsuena.com\/php\/wp-json\/wp\/v2\/tags?post=55"}],"curies":[{"name":"wp","href":"https:\/\/api.w.org\/{rel}","templated":true}]}}