{"id":72,"date":"2008-06-22T23:59:00","date_gmt":"2008-06-23T06:59:00","guid":{"rendered":"http:\/\/www.aragonsuena.com\/php\/?p=72"},"modified":"2008-06-23T06:53:32","modified_gmt":"2008-06-23T13:53:32","slug":"entrevista-con-domador","status":"publish","type":"post","link":"https:\/\/www.aragonsuena.com\/php\/2008\/06\/22\/entrevista-con-domador\/","title":{"rendered":"Entrevista con Domador"},"content":{"rendered":"<p><img loading=\"lazy\" decoding=\"async\" src=\"http:\/\/www.aragonsuena.com\/php\/wp-content\/uploads\/2008\/06\/fotodomadorjunio2008-1.jpg\" alt=\"Domador en Arag\u00f3n Suena\" width=\"400\" height=\"315\" \/><\/p>\n<p>Estrenaremos lo nuevo de <strong>Asuntos Internos<\/strong>, \u00abCuando estemos solos\u00bb, que dar\u00e1 t\u00edtulo a su tercer disco, a la venta, presumiblemente, en enero de 2009&#8230; pero sonando ya en el <strong>Arag\u00f3n Suena<\/strong>.<\/p>\n<p>La banda de Huesca <strong>Domador<\/strong> estar\u00e1n  en los estudios de <strong>Arag\u00f3n Radio<\/strong> para hablar de la grabaci\u00f3n de su tercer EP autoproducido y al que le han dado forma \u00edntegramente desde su propio local de ensayo donde ha primado la astucia por encima de los medios t\u00e9cnicos.<\/p>\n<p><strong>Luis Sancho Ak\u00e1 Positive<\/strong>, 50% de <strong>DAB<\/strong>, elegir\u00e1 el tema de  contraportada<br \/>\nque despida esta edici\u00f3n 87\u00aa del <strong>Arag\u00f3n Suena<\/strong>.<\/p>\n<p>Una  oyente, , nos  pregunta sobre el grupo <strong>Supery\u00f3<\/strong> y una canci\u00f3n que por lo visto contiene el fragmento de una secuencia de una conocida pel\u00edcula espa\u00f1ola. Responderemos esta duda<\/p>\n<p>Tambi\u00e9n  habr\u00e1 agenda de conciertos de Huesca, Teruel y Zaragoza.<\/p>\n<p><code>[audio:http:\/\/www.aragonsuena.com\/audio\/ProgramaAragonSuena22junio2008.mp3]<\/code><a href=\"http:\/\/www.aragonsuena.com\/audio\/ProgramaAragonSuena25mayo2008.mp3\" target=\"_blank\"><code> <\/code><\/a><\/p>\n<p><a href=\"http:\/\/www.aragonsuena.com\/audio\/ProgramaAragonSuena22junio2008.mp3\" target=\"_blank\">Descargar programa<\/a><\/p>\n","protected":false},"excerpt":{"rendered":"<p>Estrenaremos lo nuevo de Asuntos Internos, \u00abCuando estemos solos\u00bb, que dar\u00e1 t\u00edtulo a su tercer disco, a la venta, presumiblemente, en enero de 2009&#8230; pero sonando ya en el Arag\u00f3n Suena. La banda de Huesca Domador estar\u00e1n en los estudios de Arag\u00f3n Radio para hablar de la grabaci\u00f3n de su tercer EP autoproducido y al [&hellip;]<\/p>\n","protected":false},"author":1,"featured_media":458,"comment_status":"open","ping_status":"open","sticky":false,"template":"","format":"standard","meta":{"_jetpack_newsletter_access":"","_jetpack_dont_email_post_to_subs":false,"_jetpack_newsletter_tier_id":0,"_jetpack_memberships_contains_paywalled_content":false,"iawp_total_views":0,"_jetpack_memberships_contains_paid_content":false,"footnotes":"","jetpack_publicize_message":"","jetpack_publicize_feature_enabled":true,"jetpack_social_post_already_shared":false,"jetpack_social_options":{"image_generator_settings":{"template":"highway","default_image_id":0,"font":"","enabled":false},"version":2},"jetpack_post_was_ever_published":false},"categories":[1],"tags":[22,24,23],"class_list":["post-72","post","type-post","status-publish","format-standard","has-post-thumbnail","hentry","category-programas","tag-asuntos-internos","tag-domador","tag-superyo"],"jetpack_publicize_connections":[],"jetpack_featured_media_url":"https:\/\/www.aragonsuena.com\/php\/wp-content\/uploads\/2009\/12\/LogoAragonSuena2009GrandeOctubre2009Peineta500.jpg","jetpack_shortlink":"https:\/\/wp.me\/pgBkdw-1a","jetpack_sharing_enabled":true,"_links":{"self":[{"href":"https:\/\/www.aragonsuena.com\/php\/wp-json\/wp\/v2\/posts\/72","targetHints":{"allow":["GET"]}}],"collection":[{"href":"https:\/\/www.aragonsuena.com\/php\/wp-json\/wp\/v2\/posts"}],"about":[{"href":"https:\/\/www.aragonsuena.com\/php\/wp-json\/wp\/v2\/types\/post"}],"author":[{"embeddable":true,"href":"https:\/\/www.aragonsuena.com\/php\/wp-json\/wp\/v2\/users\/1"}],"replies":[{"embeddable":true,"href":"https:\/\/www.aragonsuena.com\/php\/wp-json\/wp\/v2\/comments?post=72"}],"version-history":[{"count":0,"href":"https:\/\/www.aragonsuena.com\/php\/wp-json\/wp\/v2\/posts\/72\/revisions"}],"wp:featuredmedia":[{"embeddable":true,"href":"https:\/\/www.aragonsuena.com\/php\/wp-json\/wp\/v2\/media\/458"}],"wp:attachment":[{"href":"https:\/\/www.aragonsuena.com\/php\/wp-json\/wp\/v2\/media?parent=72"}],"wp:term":[{"taxonomy":"category","embeddable":true,"href":"https:\/\/www.aragonsuena.com\/php\/wp-json\/wp\/v2\/categories?post=72"},{"taxonomy":"post_tag","embeddable":true,"href":"https:\/\/www.aragonsuena.com\/php\/wp-json\/wp\/v2\/tags?post=72"}],"curies":[{"name":"wp","href":"https:\/\/api.w.org\/{rel}","templated":true}]}}