{"id":82,"date":"2008-10-19T23:14:13","date_gmt":"2008-10-20T06:14:13","guid":{"rendered":"http:\/\/www.aragonsuena.com\/php\/?p=82"},"modified":"2008-10-20T11:20:04","modified_gmt":"2008-10-20T18:20:04","slug":"quique-artiach-en-aragon-suena-nos-anuncia-su-paron-musical","status":"publish","type":"post","link":"https:\/\/www.aragonsuena.com\/php\/2008\/10\/19\/quique-artiach-en-aragon-suena-nos-anuncia-su-paron-musical\/","title":{"rendered":"Quique Artiach en Arag\u00f3n Suena, nos anuncia su \u00abpar\u00f3n musical\u00bb"},"content":{"rendered":"<p>El cantautor <strong>Quique Artiach<\/strong> nos anuncia su inesperada decisi\u00f3n de dejar su actividad musical. Repasaremos su carrera musical que recoge 2 d\u00e9cadas de m\u00fasica. Escucharemos parte de su discograf\u00eda que termin\u00f3 hace 2 a\u00f1os con su \u00e1lbum <em>La luz de la ma\u00f1ana<\/em>.<\/p>\n<p>Nuestro tema de portada lo firma <strong>Fen\u00f3menos Paranormales<\/strong>. La banda de \u00c9pila ha editado su segundo trabajo musical: Un pozal siempre es azul. Merece la pena escuchar parte del ced\u00e9.<\/p>\n<p>En la secci\u00f3n del oyente, <em>El Mel\u00f3mano Suena<\/em>, comentamos el pr\u00f3ximo concierto del 25 de octubre, s\u00e1bado, en el CC Almozara de Zaragoza donde habr\u00e1 un festival de intercambio de grupos de Zaragoza y Burdeos. Siempre escuchando al oyente desde nuestro <a href=\"http:\/\/www.aragonsuena.com\/php\/about\/contacto\/\">correo electr\u00f3nico<\/a>.<\/p>\n<p>El tema de portada lo elegir\u00e1 <strong>Alejandro El\u00edas<\/strong>, vocalista del grupo<strong> Mister Hyde<\/strong>.<\/p>\n<p>No faltar\u00e1 agenda de conciertos de Huesca, Teruel y Zaragoza&#8230; y m\u00e1s y m\u00e1s contenidos tratados en profundidad pero de forma amena desde la radio auton\u00f3mica de Arag\u00f3n.<\/p>\n<p><code>[audio:http:\/\/www.aragonsuena.com\/audio\/ProgramaAragonSuena19octubre2008.mp3]<\/code><a href=\"http:\/\/www.aragonsuena.com\/audio\/ProgramaAragonSuena25mayo2008.mp3\" target=\"_blank\"><code> <\/code><\/a><\/p>\n<p><a href=\"http:\/\/www.aragonsuena.com\/audio\/ProgramaAragonSuena19octubre2008.mp3\" target=\"_blank\">Descargar programa<\/a><\/p>\n","protected":false},"excerpt":{"rendered":"<p>El cantautor Quique Artiach nos anuncia su inesperada decisi\u00f3n de dejar su actividad musical. Repasaremos su carrera musical que recoge 2 d\u00e9cadas de m\u00fasica. Escucharemos parte de su discograf\u00eda que termin\u00f3 hace 2 a\u00f1os con su \u00e1lbum La luz de la ma\u00f1ana. Nuestro tema de portada lo firma Fen\u00f3menos Paranormales. La banda de \u00c9pila ha [&hellip;]<\/p>\n","protected":false},"author":1,"featured_media":458,"comment_status":"open","ping_status":"open","sticky":false,"template":"","format":"standard","meta":{"_jetpack_newsletter_access":"","_jetpack_dont_email_post_to_subs":false,"_jetpack_newsletter_tier_id":0,"_jetpack_memberships_contains_paywalled_content":false,"iawp_total_views":0,"_jetpack_memberships_contains_paid_content":false,"footnotes":"","jetpack_publicize_message":"","jetpack_publicize_feature_enabled":true,"jetpack_social_post_already_shared":false,"jetpack_social_options":{"image_generator_settings":{"template":"highway","default_image_id":0,"font":"","enabled":false},"version":2},"jetpack_post_was_ever_published":false},"categories":[1],"tags":[38,41,40,29,39],"class_list":["post-82","post","type-post","status-publish","format-standard","has-post-thumbnail","hentry","category-programas","tag-alejando-elias","tag-el-melomano-suena","tag-fenomenos-paranormales","tag-mister-hyde","tag-quique-artiach"],"jetpack_publicize_connections":[],"jetpack_featured_media_url":"https:\/\/www.aragonsuena.com\/php\/wp-content\/uploads\/2009\/12\/LogoAragonSuena2009GrandeOctubre2009Peineta500.jpg","jetpack_shortlink":"https:\/\/wp.me\/pgBkdw-1k","jetpack_sharing_enabled":true,"_links":{"self":[{"href":"https:\/\/www.aragonsuena.com\/php\/wp-json\/wp\/v2\/posts\/82","targetHints":{"allow":["GET"]}}],"collection":[{"href":"https:\/\/www.aragonsuena.com\/php\/wp-json\/wp\/v2\/posts"}],"about":[{"href":"https:\/\/www.aragonsuena.com\/php\/wp-json\/wp\/v2\/types\/post"}],"author":[{"embeddable":true,"href":"https:\/\/www.aragonsuena.com\/php\/wp-json\/wp\/v2\/users\/1"}],"replies":[{"embeddable":true,"href":"https:\/\/www.aragonsuena.com\/php\/wp-json\/wp\/v2\/comments?post=82"}],"version-history":[{"count":0,"href":"https:\/\/www.aragonsuena.com\/php\/wp-json\/wp\/v2\/posts\/82\/revisions"}],"wp:featuredmedia":[{"embeddable":true,"href":"https:\/\/www.aragonsuena.com\/php\/wp-json\/wp\/v2\/media\/458"}],"wp:attachment":[{"href":"https:\/\/www.aragonsuena.com\/php\/wp-json\/wp\/v2\/media?parent=82"}],"wp:term":[{"taxonomy":"category","embeddable":true,"href":"https:\/\/www.aragonsuena.com\/php\/wp-json\/wp\/v2\/categories?post=82"},{"taxonomy":"post_tag","embeddable":true,"href":"https:\/\/www.aragonsuena.com\/php\/wp-json\/wp\/v2\/tags?post=82"}],"curies":[{"name":"wp","href":"https:\/\/api.w.org\/{rel}","templated":true}]}}