{"id":84,"date":"2008-11-02T23:24:04","date_gmt":"2008-11-03T06:24:04","guid":{"rendered":"http:\/\/www.aragonsuena.com\/php\/?p=84"},"modified":"2008-11-05T15:27:53","modified_gmt":"2008-11-05T22:27:53","slug":"vinos-chueca-en-acustico-en-aragon-suena","status":"publish","type":"post","link":"https:\/\/www.aragonsuena.com\/php\/2008\/11\/02\/vinos-chueca-en-acustico-en-aragon-suena\/","title":{"rendered":"Vinos Chueca en ac\u00fastico en Arag\u00f3n Suena"},"content":{"rendered":"<p><strong>Vinos Chueca<\/strong> tocar\u00e1n en directo, en formato ac\u00fastico, desde los estudios de  Arag\u00f3n Radio, canciones de su reci\u00e9n editado <em>Luces, c\u00e1maras,  acci\u00f3n&#8230;<\/em> Conversaremos adem\u00e1s con esta formaci\u00f3n comandada por <strong>Fernando  Bastos<\/strong>.<\/p>\n<p>Estrenaremos en exclusiva el segundo \u00e1lbum del aclamado <strong>Sergio  Gisbert<\/strong>. El ced\u00e9 se llama <em>En esta tierra<\/em> y cuenta con una cuidad\u00edsima  producci\u00f3n de Rock Americano. Sergio es el l\u00edder de <strong>Spirits in the Night<\/strong>,  banda tributo a <strong>Bruce Springteen<\/strong> que ha recorrido gran parte de Espa\u00f1a y  distintos lugares del mundo con excelente cr\u00edtica.<\/p>\n<p>La sala Devizio  vuelve a programar conciertos tras 14 a\u00f1os sin hacerlo.<br \/>\nEn la secci\u00f3n del  oyente, y seg\u00fan petici\u00f3n a trav\u00e9s de<a href=\"mailto:aragonsuena@aragonradio.es\"> aragonsuena@aragonradio.es<\/a>,  hablaremos con <strong>Alberto Gamarra<\/strong>, uno de los responsables de la sala.<\/p>\n<p>El cantautor <strong>Quique Artiach<\/strong> elegir\u00e1 el tema musical aragon\u00e9s  de contraportada.<\/p>\n<p>No faltar\u00e1 la agenda referencia en Huesca, Teruel  y Zaragoza.<\/p>\n<p><code>[audio:http:\/\/www.aragonsuena.com\/audio\/ProgramaAragonSuena02Noviembre2008_.mp3]<\/code><a href=\"http:\/\/www.aragonsuena.com\/audio\/ProgramaAragonSuena25mayo2008.mp3\" target=\"_blank\"><code> <\/code><\/a><\/p>\n<p><a href=\"http:\/\/www.aragonsuena.com\/audio\/ProgramaAragonSuena02Noviembre2008_.mp3\" target=\"_blank\">Descargar programa<\/a><\/p>\n","protected":false},"excerpt":{"rendered":"<p>Vinos Chueca tocar\u00e1n en directo, en formato ac\u00fastico, desde los estudios de Arag\u00f3n Radio, canciones de su reci\u00e9n editado Luces, c\u00e1maras, acci\u00f3n&#8230; Conversaremos adem\u00e1s con esta formaci\u00f3n comandada por Fernando Bastos. Estrenaremos en exclusiva el segundo \u00e1lbum del aclamado Sergio Gisbert. El ced\u00e9 se llama En esta tierra y cuenta con una cuidad\u00edsima producci\u00f3n de [&hellip;]<\/p>\n","protected":false},"author":1,"featured_media":458,"comment_status":"open","ping_status":"open","sticky":false,"template":"","format":"standard","meta":{"_jetpack_newsletter_access":"","_jetpack_dont_email_post_to_subs":false,"_jetpack_newsletter_tier_id":0,"_jetpack_memberships_contains_paywalled_content":false,"iawp_total_views":1,"_jetpack_memberships_contains_paid_content":false,"footnotes":"","jetpack_publicize_message":"","jetpack_publicize_feature_enabled":true,"jetpack_social_post_already_shared":false,"jetpack_social_options":{"image_generator_settings":{"template":"highway","default_image_id":0,"font":"","enabled":false},"version":2},"jetpack_post_was_ever_published":false},"categories":[1],"tags":[46,49,48,39,50,51,47],"class_list":["post-84","post","type-post","status-publish","format-standard","has-post-thumbnail","hentry","category-programas","tag-alberto-gamarra","tag-devizio","tag-fernando-bastos","tag-quique-artiach","tag-sergio-gisbert","tag-spirits-in-the-night","tag-vinos-chueca"],"jetpack_publicize_connections":[],"jetpack_featured_media_url":"https:\/\/www.aragonsuena.com\/php\/wp-content\/uploads\/2009\/12\/LogoAragonSuena2009GrandeOctubre2009Peineta500.jpg","jetpack_shortlink":"https:\/\/wp.me\/pgBkdw-1m","jetpack_sharing_enabled":true,"_links":{"self":[{"href":"https:\/\/www.aragonsuena.com\/php\/wp-json\/wp\/v2\/posts\/84","targetHints":{"allow":["GET"]}}],"collection":[{"href":"https:\/\/www.aragonsuena.com\/php\/wp-json\/wp\/v2\/posts"}],"about":[{"href":"https:\/\/www.aragonsuena.com\/php\/wp-json\/wp\/v2\/types\/post"}],"author":[{"embeddable":true,"href":"https:\/\/www.aragonsuena.com\/php\/wp-json\/wp\/v2\/users\/1"}],"replies":[{"embeddable":true,"href":"https:\/\/www.aragonsuena.com\/php\/wp-json\/wp\/v2\/comments?post=84"}],"version-history":[{"count":0,"href":"https:\/\/www.aragonsuena.com\/php\/wp-json\/wp\/v2\/posts\/84\/revisions"}],"wp:featuredmedia":[{"embeddable":true,"href":"https:\/\/www.aragonsuena.com\/php\/wp-json\/wp\/v2\/media\/458"}],"wp:attachment":[{"href":"https:\/\/www.aragonsuena.com\/php\/wp-json\/wp\/v2\/media?parent=84"}],"wp:term":[{"taxonomy":"category","embeddable":true,"href":"https:\/\/www.aragonsuena.com\/php\/wp-json\/wp\/v2\/categories?post=84"},{"taxonomy":"post_tag","embeddable":true,"href":"https:\/\/www.aragonsuena.com\/php\/wp-json\/wp\/v2\/tags?post=84"}],"curies":[{"name":"wp","href":"https:\/\/api.w.org\/{rel}","templated":true}]}}